{"id":9641,"date":"2020-09-25T13:27:20","date_gmt":"2020-09-25T13:27:20","guid":{"rendered":"https:\/\/oparanews.com.br\/?p=9641"},"modified":"2020-09-25T13:27:20","modified_gmt":"2020-09-25T13:27:20","slug":"em-livro-mandetta-acusa-bolsonaro-de-negacionismo","status":"publish","type":"post","link":"https:\/\/www.oparanews.com.br\/index.php\/2020\/09\/25\/em-livro-mandetta-acusa-bolsonaro-de-negacionismo\/","title":{"rendered":"Em livro, Mandetta acusa Bolsonaro de negacionismo"},"content":{"rendered":"<p>Dos problemas enfrentados por sua gest\u00e3o no Minist\u00e9rio da Sa\u00fade nas a\u00e7\u00f5es de enfrentamento \u00e0 pandemia do novo coronav\u00edrus, o ex-ministro Luiz Henrique Mandetta aponta o que na sua opini\u00e3o foi o principal deles: a postura negacionista do presidente Jair Bolsonaro. Segundo Mandetta, se o presidente liderasse a ado\u00e7\u00e3o de protocolos estabelecidos pela pasta para preparar o sistema p\u00fablico de Sa\u00fade e a popula\u00e7\u00e3o, o Brasil certamente n\u00e3o estaria entre os pa\u00edses com o maior n\u00famero de v\u00edtimas da doen\u00e7a.<\/p>\n<p>&#8220;Poderia ter sido diferente, para melhor&#8221;, disse Mandetta, que lan\u00e7a nesta sexta-feira, 25, o livro Um paciente chamado Brasil, no qual relata, em primeira pessoa, os \u00faltimos 87 dias de sua gest\u00e3o na pasta. No per\u00edodo, passou a ser a principal voz na defesa do isolamento social como forma de atenuar efeitos da pandemia, ao contr\u00e1rio do que defendia o presidente. Com isso, ganhou popularidade, provocou ci\u00fame de Bolsonaro e deixou o governo credenciado para as discuss\u00f5es sobre elei\u00e7\u00f5es de 2022 em seu partido, o DEM.<\/p>\n<p>O livro, segundo ele, foi escrito na quarentena de seis meses imposta a ministros que deixam o governo, &#8220;para que as pessoas entendam que, por mais bem-intencionadas que sejam seus trabalhos, a pol\u00edtica \u00e9 necess\u00e1ria.&#8221; Ao analisar as decis\u00f5es pol\u00edticas, faz mea-culpa e critica a Organiza\u00e7\u00e3o Mundial de Sa\u00fade (OMS) por relutar em classificar a covid-19 como emerg\u00eancia sanit\u00e1ria mundial.<\/p>\n<p>O foco principal das cr\u00edticas, no entanto, \u00e9 Bolsonaro, descrito como algu\u00e9m em nega\u00e7\u00e3o diante do agravamento da doen\u00e7a. &#8220;Primeiro ele negou a gravidade da covid-19, falando que era s\u00f3 uma &#8216;gripezinha&#8217;. Depois ficou com raiva do m\u00e9dico, ou seja, de mim. Depois partiu para o milagre, que \u00e9 acreditar na cloroquina&#8221;, escreve.<\/p>\n<p>Mandetta relata que, antes mesmo do primeiro caso no Pa\u00eds, tentou por diversas vezes apresentar dados, proje\u00e7\u00f5es e medidas de preven\u00e7\u00e3o a serem tomadas. Mas, segundo ele, o presidente &#8220;sempre arranjava um jeito de n\u00e3o participar&#8221;. Nas reuni\u00f5es ministeriais, afirma, n\u00e3o tinha espa\u00e7o para falar.<\/p>\n<p>Segundo o ex-ministro, Bolsonaro s\u00f3 viu os dados em uma ocasi\u00e3o, na reuni\u00e3o no Pal\u00e1cio do Alvorada, em 28 de mar\u00e7o. Naquele dia, o Pa\u00eds registrava 92 \u00f3bitos por covid-19. Mandetta diz que apresentou tr\u00eas proje\u00e7\u00f5es &#8211; que estimava de 30 mil a 180 mil \u00f3bitos por covid-19 no Pa\u00eds.<\/p>\n<p>Na ocasi\u00e3o, diante dos ministros militares, Mandetta chegou a perguntar se o presidente estava preparado para ver caminh\u00f5es do Ex\u00e9rcito carregando cad\u00e1veres, como havia acontecido na It\u00e1lia. &#8220;Depois de eu ter ficado por uma hora e meia oferecendo todos os elementos que provavam a gravidade do problema, ele mostrou que n\u00e3o estava nem um pouco convencido.&#8221; Naquele dia, Bolsonaro disse: &#8220;Infelizmente, algumas mortes ter\u00e3o. Paci\u00eancia&#8221;. No dia seguinte, o presidente foi a Taguatinga e provocou aglomera\u00e7\u00e3o ao circular pelo com\u00e9rcio local.<\/p>\n<p>Mandetta diz que naquela reuni\u00e3o, os demais ministros j\u00e1 estavam convencidos de que o presidente n\u00e3o deveria seguir pelo caminho da nega\u00e7\u00e3o. Mas, como exemplo de que o governo negligenciou medidas de preven\u00e7\u00e3o, relata que o chefe do Gabinete de Seguran\u00e7a Institucional, Augusto Heleno, participou da reuni\u00e3o 10 dias depois de ser diagnosticado com covid-19 &#8211; ignorando o protocolo que estabelece quarentena de 14 dias. O Brasil registrou na quinta-feira, 24, mais de 139 mil \u00f3bitos por covid &#8211; o que aproxima o Pa\u00eds da estimativa mais pessimista feita pelo minist\u00e9rio da Sa\u00fade em mar\u00e7o.<\/p>\n<p><strong>Onyx \u00e9 acusado de gravar deputados<\/strong><\/p>\n<p>No livro, Mandetta acusa o ministro da Cidadania, Onyx Lorenzoni, do que ele chamou de &#8220;pecado mortal&#8221; na pol\u00edtica. Mandetta afirma que, em 2016, quando Onyx era deputado e relator das &#8220;10 medidas contra a corrup\u00e7\u00e3o&#8221;, ele lhe confessou ter gravado parlamentares durante uma reuni\u00e3o na casa do presidente da C\u00e2mara, Rodrigo Maia (DEM-RJ).<\/p>\n<p>Segundo Mandetta, na ocasi\u00e3o Onyx era pressionado por parlamentares para alterar o texto original, proposto por procuradores da Lava Jato &#8211; e era este o teor das conversas supostamente gravadas. O clima era de articula\u00e7\u00e3o pela substitui\u00e7\u00e3o de Onyx na relatoria. Mandetta escreveu que Onyx lhe mostrou a grava\u00e7\u00e3o e fez amea\u00e7as aos parlamentares de que, se a press\u00e3o continuasse, iria vaz\u00e1-la para a imprensa.<\/p>\n<p>Mandetta relata que contou isso a Maia, e o presidente da C\u00e2mara recuou de tirar Onyx da relatoria. Dias antes, Onyx havia sido flagrado em grava\u00e7\u00e3o articulando a sa\u00edda de Mandetta do minist\u00e9rio. Procurado, Onyx n\u00e3o respondeu.<\/p>\n<p>&nbsp;<\/p>\n<p><strong>Fonte: Terra<\/strong><\/p>\n<p>&nbsp;<\/p>\n","protected":false},"excerpt":{"rendered":"<p>Dos problemas enfrentados por sua gest\u00e3o no Minist\u00e9rio da Sa\u00fade nas a\u00e7\u00f5es de enfrentamento \u00e0 pandemia do novo coronav\u00edrus, o ex-ministro Luiz Henrique Mandetta aponta o que na sua opini\u00e3o foi o principal deles: a postura negacionista do presidente Jair Bolsonaro. Segundo Mandetta, se o presidente liderasse a ado\u00e7\u00e3o de protocolos estabelecidos pela pasta para &hellip;<\/p>\n","protected":false},"author":1,"featured_media":9642,"comment_status":"open","ping_status":"open","sticky":false,"template":"","format":"standard","meta":{"_jetpack_newsletter_access":"","_jetpack_dont_email_post_to_subs":false,"_jetpack_newsletter_tier_id":0,"_jetpack_memberships_contains_paywalled_content":false,"_jetpack_memberships_contains_paid_content":false,"footnotes":""},"categories":[1],"tags":[],"class_list":["post-9641","post","type-post","status-publish","format-standard","has-post-thumbnail","hentry","category-destaque"],"jetpack_sharing_enabled":true,"jetpack_featured_media_url":"","_links":{"self":[{"href":"https:\/\/www.oparanews.com.br\/index.php\/wp-json\/wp\/v2\/posts\/9641","targetHints":{"allow":["GET"]}}],"collection":[{"href":"https:\/\/www.oparanews.com.br\/index.php\/wp-json\/wp\/v2\/posts"}],"about":[{"href":"https:\/\/www.oparanews.com.br\/index.php\/wp-json\/wp\/v2\/types\/post"}],"author":[{"embeddable":true,"href":"https:\/\/www.oparanews.com.br\/index.php\/wp-json\/wp\/v2\/users\/1"}],"replies":[{"embeddable":true,"href":"https:\/\/www.oparanews.com.br\/index.php\/wp-json\/wp\/v2\/comments?post=9641"}],"version-history":[{"count":0,"href":"https:\/\/www.oparanews.com.br\/index.php\/wp-json\/wp\/v2\/posts\/9641\/revisions"}],"wp:attachment":[{"href":"https:\/\/www.oparanews.com.br\/index.php\/wp-json\/wp\/v2\/media?parent=9641"}],"wp:term":[{"taxonomy":"category","embeddable":true,"href":"https:\/\/www.oparanews.com.br\/index.php\/wp-json\/wp\/v2\/categories?post=9641"},{"taxonomy":"post_tag","embeddable":true,"href":"https:\/\/www.oparanews.com.br\/index.php\/wp-json\/wp\/v2\/tags?post=9641"}],"curies":[{"name":"wp","href":"https:\/\/api.w.org\/{rel}","templated":true}]}}