{"id":9644,"date":"2020-09-25T13:30:41","date_gmt":"2020-09-25T13:30:41","guid":{"rendered":"https:\/\/oparanews.com.br\/?p=9644"},"modified":"2020-09-25T13:30:41","modified_gmt":"2020-09-25T13:30:41","slug":"covid-china-diz-que-oms-aprovou-uso-emergencial-de-vacina","status":"publish","type":"post","link":"https:\/\/www.oparanews.com.br\/index.php\/2020\/09\/25\/covid-china-diz-que-oms-aprovou-uso-emergencial-de-vacina\/","title":{"rendered":"Covid: China diz que OMS aprovou uso emergencial de vacina"},"content":{"rendered":"<p>A Organiza\u00e7\u00e3o Mundial da Sa\u00fade (OMS) disse \u00e0 China que apoia e compreende que o pa\u00eds inicie a administra\u00e7\u00e3o de vacinas contra coronav\u00edrus experimentais enquanto os testes cl\u00ednicos ainda est\u00e3o em andamento, disse uma autoridade de sa\u00fade chinesa nesta sexta-feira.<\/p>\n<p>A China fez contato com a OMS no final de junho e lan\u00e7ou seu programa emergencial em julho, de acordo com Zheng Zhongwei, autoridade da Comiss\u00e3o Nacional de Sa\u00fade do pa\u00eds.<\/p>\n<p>Centenas de milhares de trabalhadores essenciais e outros grupos limitados de pessoas que se considera correrem risco alto de infec\u00e7\u00e3o receberam a vacina, embora sua efic\u00e1cia e seguran\u00e7a ainda n\u00e3o tenham sido plenamente estabelecidas, j\u00e1 que os testes cl\u00ednicos de est\u00e1gio avan\u00e7ado est\u00e3o incompletos.<\/p>\n<p>&#8220;No final de junho, o Conselho de Estado da China aprovou o plano de um programa de uso emergencial de vacina contra coronav\u00edrus&#8221;, disse Zheng em uma coletiva de imprensa.<\/p>\n<p>&#8220;Ap\u00f3s a aprova\u00e7\u00e3o, em 29 de junho, fizemos contato com os representantes relevantes do escrit\u00f3rio da OMS na China e obtivemos apoio e compreens\u00e3o da OMS&#8221;, disse.<\/p>\n<p>O representante da OMS na China n\u00e3o respondeu de imediato a um pedido de coment\u00e1rio.<\/p>\n<p>A cientista-chefe da ag\u00eancia, Soumya Swaminathan, disse em Genebra neste m\u00eas que autoridades reguladoras nacionais podem aprovar o uso de produtos m\u00e9dicos em suas pr\u00f3prias jurisdi\u00e7\u00f5es na situa\u00e7\u00e3o atual de emerg\u00eancia, mas descreveu a medida como uma &#8220;solu\u00e7\u00e3o tempor\u00e1ria&#8221;.<\/p>\n<p>A solu\u00e7\u00e3o de longo prazo est\u00e1 na conclus\u00e3o dos testes de est\u00e1gio avan\u00e7ado, disse a autoridade da OMS.<\/p>\n<p>&nbsp;<\/p>\n<p><strong>Fonte: Terra<\/strong><\/p>\n<p>&nbsp;<\/p>\n","protected":false},"excerpt":{"rendered":"<p>A Organiza\u00e7\u00e3o Mundial da Sa\u00fade (OMS) disse \u00e0 China que apoia e compreende que o pa\u00eds inicie a administra\u00e7\u00e3o de vacinas contra coronav\u00edrus experimentais enquanto os testes cl\u00ednicos ainda est\u00e3o em andamento, disse uma autoridade de sa\u00fade chinesa nesta sexta-feira. A China fez contato com a OMS no final de junho e lan\u00e7ou seu programa &hellip;<\/p>\n","protected":false},"author":1,"featured_media":9645,"comment_status":"open","ping_status":"open","sticky":false,"template":"","format":"standard","meta":{"_jetpack_newsletter_access":"","_jetpack_dont_email_post_to_subs":false,"_jetpack_newsletter_tier_id":0,"_jetpack_memberships_contains_paywalled_content":false,"_jetpack_memberships_contains_paid_content":false,"footnotes":""},"categories":[1],"tags":[],"class_list":["post-9644","post","type-post","status-publish","format-standard","has-post-thumbnail","hentry","category-destaque"],"jetpack_sharing_enabled":true,"jetpack_featured_media_url":"","_links":{"self":[{"href":"https:\/\/www.oparanews.com.br\/index.php\/wp-json\/wp\/v2\/posts\/9644","targetHints":{"allow":["GET"]}}],"collection":[{"href":"https:\/\/www.oparanews.com.br\/index.php\/wp-json\/wp\/v2\/posts"}],"about":[{"href":"https:\/\/www.oparanews.com.br\/index.php\/wp-json\/wp\/v2\/types\/post"}],"author":[{"embeddable":true,"href":"https:\/\/www.oparanews.com.br\/index.php\/wp-json\/wp\/v2\/users\/1"}],"replies":[{"embeddable":true,"href":"https:\/\/www.oparanews.com.br\/index.php\/wp-json\/wp\/v2\/comments?post=9644"}],"version-history":[{"count":0,"href":"https:\/\/www.oparanews.com.br\/index.php\/wp-json\/wp\/v2\/posts\/9644\/revisions"}],"wp:attachment":[{"href":"https:\/\/www.oparanews.com.br\/index.php\/wp-json\/wp\/v2\/media?parent=9644"}],"wp:term":[{"taxonomy":"category","embeddable":true,"href":"https:\/\/www.oparanews.com.br\/index.php\/wp-json\/wp\/v2\/categories?post=9644"},{"taxonomy":"post_tag","embeddable":true,"href":"https:\/\/www.oparanews.com.br\/index.php\/wp-json\/wp\/v2\/tags?post=9644"}],"curies":[{"name":"wp","href":"https:\/\/api.w.org\/{rel}","templated":true}]}}