{"id":9653,"date":"2020-09-25T13:44:30","date_gmt":"2020-09-25T13:44:30","guid":{"rendered":"https:\/\/oparanews.com.br\/?p=9653"},"modified":"2020-09-25T13:44:30","modified_gmt":"2020-09-25T13:44:30","slug":"jovem-de-21-anos-e-morto-a-tiros-em-junqueiro","status":"publish","type":"post","link":"https:\/\/www.oparanews.com.br\/index.php\/2020\/09\/25\/jovem-de-21-anos-e-morto-a-tiros-em-junqueiro\/","title":{"rendered":"Jovem de 21 anos \u00e9 morto a tiros em Junqueiro"},"content":{"rendered":"<p>Mais um homic\u00eddio foi registrado na regi\u00e3o Agreste do Estado. Um jovem de 21 anos foi morto a tiros nas primeiras horas desta sexta-feira (25), na zona rural da cidade de Junqueiro. A guarni\u00e7\u00e3o do Centro Integrado de Seguran\u00e7a P\u00fablica (CISP) foi acionada e esteve no local. O corpo foi identificado como Jos\u00e9 Nelson Alves da Silva.<\/p>\n<p>De acordo com o relat\u00f3rio do 3\u00ba Batalh\u00e3o de Pol\u00edcia Militar, o crime foi registrado aproximadamente \u00e0s 2h20. At\u00e9 o momento n\u00e3o h\u00e1 informa\u00e7\u00e3o detalhadas sobre a motiva\u00e7\u00e3o ou autoria do crime, que dever\u00e1 ser investigado pela Delegacia de Homic\u00eddios.<\/p>\n<p>Ap\u00f3s o trabalho de pericia do Instituto de Criminal\u00edstica, o corpo foi encaminhado para o Instituto M\u00e9dico Legal de Arapiraca.<\/p>\n<p>&nbsp;<\/p>\n<p><strong>Fonte: Sete Segundos<\/strong><\/p>\n<p>&nbsp;<\/p>\n","protected":false},"excerpt":{"rendered":"<p>Mais um homic\u00eddio foi registrado na regi\u00e3o Agreste do Estado. Um jovem de 21 anos foi morto a tiros nas primeiras horas desta sexta-feira (25), na zona rural da cidade de Junqueiro. A guarni\u00e7\u00e3o do Centro Integrado de Seguran\u00e7a P\u00fablica (CISP) foi acionada e esteve no local. O corpo foi identificado como Jos\u00e9 Nelson Alves &hellip;<\/p>\n","protected":false},"author":1,"featured_media":9654,"comment_status":"open","ping_status":"open","sticky":false,"template":"","format":"standard","meta":{"_jetpack_newsletter_access":"","_jetpack_dont_email_post_to_subs":false,"_jetpack_newsletter_tier_id":0,"_jetpack_memberships_contains_paywalled_content":false,"_jetpack_memberships_contains_paid_content":false,"footnotes":""},"categories":[1],"tags":[],"class_list":["post-9653","post","type-post","status-publish","format-standard","has-post-thumbnail","hentry","category-destaque"],"jetpack_sharing_enabled":true,"jetpack_featured_media_url":"","_links":{"self":[{"href":"https:\/\/www.oparanews.com.br\/index.php\/wp-json\/wp\/v2\/posts\/9653","targetHints":{"allow":["GET"]}}],"collection":[{"href":"https:\/\/www.oparanews.com.br\/index.php\/wp-json\/wp\/v2\/posts"}],"about":[{"href":"https:\/\/www.oparanews.com.br\/index.php\/wp-json\/wp\/v2\/types\/post"}],"author":[{"embeddable":true,"href":"https:\/\/www.oparanews.com.br\/index.php\/wp-json\/wp\/v2\/users\/1"}],"replies":[{"embeddable":true,"href":"https:\/\/www.oparanews.com.br\/index.php\/wp-json\/wp\/v2\/comments?post=9653"}],"version-history":[{"count":0,"href":"https:\/\/www.oparanews.com.br\/index.php\/wp-json\/wp\/v2\/posts\/9653\/revisions"}],"wp:attachment":[{"href":"https:\/\/www.oparanews.com.br\/index.php\/wp-json\/wp\/v2\/media?parent=9653"}],"wp:term":[{"taxonomy":"category","embeddable":true,"href":"https:\/\/www.oparanews.com.br\/index.php\/wp-json\/wp\/v2\/categories?post=9653"},{"taxonomy":"post_tag","embeddable":true,"href":"https:\/\/www.oparanews.com.br\/index.php\/wp-json\/wp\/v2\/tags?post=9653"}],"curies":[{"name":"wp","href":"https:\/\/api.w.org\/{rel}","templated":true}]}}