{"id":9656,"date":"2020-09-25T20:18:02","date_gmt":"2020-09-25T20:18:02","guid":{"rendered":"https:\/\/oparanews.com.br\/?p=9656"},"modified":"2020-09-25T20:18:02","modified_gmt":"2020-09-25T20:18:02","slug":"alagoas-registra-184-novos-casos-e-mais-seis-mortes-por-covid-19","status":"publish","type":"post","link":"https:\/\/www.oparanews.com.br\/index.php\/2020\/09\/25\/alagoas-registra-184-novos-casos-e-mais-seis-mortes-por-covid-19\/","title":{"rendered":"Alagoas registra 184 novos casos e mais seis mortes por Covid-19"},"content":{"rendered":"<p>Alagoas registrou 184 novos casos e mais seis mortes por Covid-19, segundo boletim epidemiol\u00f3gico desta sexta-feira (25), divulgado pela Secretaria de Estado da Sa\u00fade (Sesau). Agora, o n\u00famero total de casos confirmados subiu para 85.937. As mortes causadas pelo novo coronav\u00edrus s\u00e3o 2.046.<\/p>\n<p>De acordo com a Sesau, h\u00e1 82.714 pessoas recuperadas da Covid-19 em todo o estado. H\u00e1 1.424 casos em investiga\u00e7\u00e3o, aguardando exames laboratoriais.<\/p>\n<p>Entre os pacientes que ainda est\u00e3o se tratamento, 1.115 se encontram em isolamento domiciliar.<\/p>\n<p><strong>Leitos para Covid-19<\/strong><\/p>\n<p>At\u00e9 as 15h30, a \u00faltima atualiza\u00e7\u00e3o da ocupa\u00e7\u00e3o de leitos exclusivos para Covid-19 tinha sido feita na quinta (24). A taxa de ocupa\u00e7\u00e3o dos leitos totais estava em 17%, e a taxa dos leitos de UTI, 36%.<\/p>\n<p>Mais seis mortes por Covid-19 em Alagoas<\/p>\n<p>Macei\u00f3: Mulher, 49 anos \u2013 diab\u00e9tica<br \/>\nMacei\u00f3: Mulher, 69 anos \u2013 diab\u00e9tica<br \/>\nMacei\u00f3: Homem, 78 anos \u2013 sem comorbidades<br \/>\nCoruripe: Homem, 67 anos \u2013 diab\u00e9tico<br \/>\nBoca da Mata: Homem, 60 anos \u2013 sem comorbidades<br \/>\nInhapi: Mulher, 69 anos \u2013 hipertensa<\/p>\n<p>&nbsp;<\/p>\n<p><strong>Fonte: G1\/AL<\/strong><\/p>\n<p>&nbsp;<\/p>\n","protected":false},"excerpt":{"rendered":"<p>Alagoas registrou 184 novos casos e mais seis mortes por Covid-19, segundo boletim epidemiol\u00f3gico desta sexta-feira (25), divulgado pela Secretaria de Estado da Sa\u00fade (Sesau). Agora, o n\u00famero total de casos confirmados subiu para 85.937. As mortes causadas pelo novo coronav\u00edrus s\u00e3o 2.046. De acordo com a Sesau, h\u00e1 82.714 pessoas recuperadas da Covid-19 em &hellip;<\/p>\n","protected":false},"author":1,"featured_media":4716,"comment_status":"open","ping_status":"open","sticky":false,"template":"","format":"standard","meta":{"_jetpack_newsletter_access":"","_jetpack_dont_email_post_to_subs":false,"_jetpack_newsletter_tier_id":0,"_jetpack_memberships_contains_paywalled_content":false,"_jetpack_memberships_contains_paid_content":false,"footnotes":""},"categories":[1],"tags":[],"class_list":["post-9656","post","type-post","status-publish","format-standard","has-post-thumbnail","hentry","category-destaque"],"jetpack_sharing_enabled":true,"jetpack_featured_media_url":"","_links":{"self":[{"href":"https:\/\/www.oparanews.com.br\/index.php\/wp-json\/wp\/v2\/posts\/9656","targetHints":{"allow":["GET"]}}],"collection":[{"href":"https:\/\/www.oparanews.com.br\/index.php\/wp-json\/wp\/v2\/posts"}],"about":[{"href":"https:\/\/www.oparanews.com.br\/index.php\/wp-json\/wp\/v2\/types\/post"}],"author":[{"embeddable":true,"href":"https:\/\/www.oparanews.com.br\/index.php\/wp-json\/wp\/v2\/users\/1"}],"replies":[{"embeddable":true,"href":"https:\/\/www.oparanews.com.br\/index.php\/wp-json\/wp\/v2\/comments?post=9656"}],"version-history":[{"count":0,"href":"https:\/\/www.oparanews.com.br\/index.php\/wp-json\/wp\/v2\/posts\/9656\/revisions"}],"wp:attachment":[{"href":"https:\/\/www.oparanews.com.br\/index.php\/wp-json\/wp\/v2\/media?parent=9656"}],"wp:term":[{"taxonomy":"category","embeddable":true,"href":"https:\/\/www.oparanews.com.br\/index.php\/wp-json\/wp\/v2\/categories?post=9656"},{"taxonomy":"post_tag","embeddable":true,"href":"https:\/\/www.oparanews.com.br\/index.php\/wp-json\/wp\/v2\/tags?post=9656"}],"curies":[{"name":"wp","href":"https:\/\/api.w.org\/{rel}","templated":true}]}}