{"id":9658,"date":"2020-09-25T20:19:09","date_gmt":"2020-09-25T20:19:09","guid":{"rendered":"https:\/\/oparanews.com.br\/?p=9658"},"modified":"2020-09-25T20:19:09","modified_gmt":"2020-09-25T20:19:09","slug":"camara-municipal-de-penedo-homenageia-toinho-pescador-com-a-comenda-guardiao-das-aguas-do-sao-francisco","status":"publish","type":"post","link":"https:\/\/www.oparanews.com.br\/index.php\/2020\/09\/25\/camara-municipal-de-penedo-homenageia-toinho-pescador-com-a-comenda-guardiao-das-aguas-do-sao-francisco\/","title":{"rendered":"C\u00e2mara Municipal de Penedo homenageia Toinho Pescador com a Comenda Guardi\u00e3o das \u00c1guas do S\u00e3o Francisco"},"content":{"rendered":"<p>O penedense Toinho Pescador \u2013 como Ant\u00f4nio Gomes dos Santos \u00e9 mais conhecido, inclusive fora de Penedo \u2013 recebeu da C\u00e2mara Municipal de Penedo a Comenda Guardi\u00e3o das \u00c1guas do S\u00e3o Francisco.<\/p>\n<p>A homenagem feita nesta quinta-feira, 24, reconhece o trabalho do \u2018poeta pescador\u2019 em defesa do \u2018Velho Chico\u2019, indica\u00e7\u00e3o do Vereador Edivaldo C\u00edcero dos Santos. Os dois s\u00e3o nascidos e criados no Barro Vermelho, comunidade banhada pelo rio que propiciou o surgimento da cidade que come\u00e7ou ali, no porto natural do Santo Ant\u00f4nio, o primeiro bairro de Penedo.<\/p>\n<p>Toinho Pescador \u00e9 filho de fam\u00edlia sustentada com base na pesca artesanal, labuta di\u00e1ria de seu pai, com quem aprendeu o of\u00edcio e passou a exercer ainda adolescente, ap\u00f3s o falecimento de Manuel Gomes dos Santos, motivo que o levou a abandonar os estudos, quando era aluno de destaque, selecionado para declamar as poesias.<\/p>\n<p>Da rela\u00e7\u00e3o di\u00e1ria com o rio nasceu uma voz potente, em defesa do S\u00e3o Francisco e tamb\u00e9m das classes menos favorecidas. Cat\u00f3lico praticante, atuou nas Comunidades Eclesiais de Base e tamb\u00e9m na Pastoral dos Pescadores, sempre orientado por princ\u00edpios crist\u00e3os.<\/p>\n<p>Seu Toinho foi presidente da Col\u00f4nia de Pescadores de Penedo e da Federa\u00e7\u00e3o Alagoana de Pescadores Artesanais, membro da primeira composi\u00e7\u00e3o do Conselho Nacional dos Recursos H\u00eddricos, do Comit\u00ea da Bacia Hidrogr\u00e1fica do S\u00e3o Francisco e do Conselho Nacional da Reserva da Biosfera da Mata Atl\u00e2ntica.<\/p>\n<p>As reivindica\u00e7\u00f5es em favor do rio e da vida, especialmente de todos que dependem direta ou indiretamente da bacia hidrogr\u00e1fica do \u2018Nilo Brasileiro\u2019, o tornaram conhecido internacionalmente.<\/p>\n<p><strong>Seu Toinho Pescador defende o Rio S\u00e3o Francisco<\/strong><\/p>\n<p>Condecorado com a comenda Bar\u00e3o de Penedo pelo governo municipal, Toinho Pescador tem diversas homenagens em seu curr\u00edculo, \u00e9 autor do livro Pescando Cidadania e tem sua biografia registrada em livro e v\u00eddeo.<\/p>\n<p>Aos 89 anos, ele agradeceu a homenagem que estendeu a todos os ribeirinhos, especialmente \u00e0s lideran\u00e7as que atuam na defesa do Velho Chico, e falou de sua luta. \u201cQuando meu pai morreu, a minha fam\u00edlia n\u00e3o recebeu sal\u00e1rio do INPS porque o Rio S\u00e3o Francisco n\u00e3o deixou a gente morrer de fome\u201d, disse sobre o sustento para os doze membros de sua casa.<\/p>\n<p>O Guardi\u00e3o das \u00c1guas do S\u00e3o Francisco tamb\u00e9m destacou os governos Lula e Dilma em seu pronunciamento, frisando que a popula\u00e7\u00e3o de baixa renda do Brasil foi beneficiada de forma incontest\u00e1vel, com as pol\u00edticas p\u00fablicas desenvolvidas no governo do PT.<\/p>\n<p>Como sempre, Toinho Pescador defendeu o rio em seu discurso e declamou versos de sua autoria. Ele agradeceu ao parlamentar Edivaldo dos Santos e \u00e0 C\u00e2mara de Vereadores, frisando que a homenagem n\u00e3o era para exclusiva dele, mas \u201cpara todo o povo penedense que luta, especialmente do nosso querido Barro Vermelho\u201d, concluiu, sob aplausos dos vereadores e da assist\u00eancia.<\/p>\n<p>Autor da indica\u00e7\u00e3o, o Vereador Edivaldo C\u00edcero frisou que Toinho Pescador sempre \u201clevantou a bandeira em defesa do rio S\u00e3o Francisco\u201d e ele, na condi\u00e7\u00e3o de parlamentar e morador do Barro Vermelho, n\u00e3o via sentido em seu trabalho se n\u00e3o conseguisse o reconhecimento p\u00fablico do empenho do tamb\u00e9m representante da comunidade e todos os pescadores do Brasil, agradecendo a aprova\u00e7\u00e3o da comenda pela CMP.<\/p>\n<p>&nbsp;<\/p>\n<p><strong>Por Ascom CMP<\/strong><\/p>\n<p>&nbsp;<\/p>\n","protected":false},"excerpt":{"rendered":"<p>O penedense Toinho Pescador \u2013 como Ant\u00f4nio Gomes dos Santos \u00e9 mais conhecido, inclusive fora de Penedo \u2013 recebeu da C\u00e2mara Municipal de Penedo a Comenda Guardi\u00e3o das \u00c1guas do S\u00e3o Francisco. A homenagem feita nesta quinta-feira, 24, reconhece o trabalho do \u2018poeta pescador\u2019 em defesa do \u2018Velho Chico\u2019, indica\u00e7\u00e3o do Vereador Edivaldo C\u00edcero dos &hellip;<\/p>\n","protected":false},"author":1,"featured_media":9659,"comment_status":"open","ping_status":"open","sticky":false,"template":"","format":"standard","meta":{"_jetpack_newsletter_access":"","_jetpack_dont_email_post_to_subs":false,"_jetpack_newsletter_tier_id":0,"_jetpack_memberships_contains_paywalled_content":false,"_jetpack_memberships_contains_paid_content":false,"footnotes":""},"categories":[1],"tags":[],"class_list":["post-9658","post","type-post","status-publish","format-standard","has-post-thumbnail","hentry","category-destaque"],"jetpack_sharing_enabled":true,"jetpack_featured_media_url":"","_links":{"self":[{"href":"https:\/\/www.oparanews.com.br\/index.php\/wp-json\/wp\/v2\/posts\/9658","targetHints":{"allow":["GET"]}}],"collection":[{"href":"https:\/\/www.oparanews.com.br\/index.php\/wp-json\/wp\/v2\/posts"}],"about":[{"href":"https:\/\/www.oparanews.com.br\/index.php\/wp-json\/wp\/v2\/types\/post"}],"author":[{"embeddable":true,"href":"https:\/\/www.oparanews.com.br\/index.php\/wp-json\/wp\/v2\/users\/1"}],"replies":[{"embeddable":true,"href":"https:\/\/www.oparanews.com.br\/index.php\/wp-json\/wp\/v2\/comments?post=9658"}],"version-history":[{"count":0,"href":"https:\/\/www.oparanews.com.br\/index.php\/wp-json\/wp\/v2\/posts\/9658\/revisions"}],"wp:attachment":[{"href":"https:\/\/www.oparanews.com.br\/index.php\/wp-json\/wp\/v2\/media?parent=9658"}],"wp:term":[{"taxonomy":"category","embeddable":true,"href":"https:\/\/www.oparanews.com.br\/index.php\/wp-json\/wp\/v2\/categories?post=9658"},{"taxonomy":"post_tag","embeddable":true,"href":"https:\/\/www.oparanews.com.br\/index.php\/wp-json\/wp\/v2\/tags?post=9658"}],"curies":[{"name":"wp","href":"https:\/\/api.w.org\/{rel}","templated":true}]}}