{"id":9673,"date":"2020-09-27T00:59:34","date_gmt":"2020-09-27T00:59:34","guid":{"rendered":"https:\/\/oparanews.com.br\/?p=9673"},"modified":"2020-09-27T00:59:34","modified_gmt":"2020-09-27T00:59:34","slug":"bolsonaro-recebe-alta-apos-cirurgia-para-retirada-de-calculo-na-bexiga","status":"publish","type":"post","link":"https:\/\/www.oparanews.com.br\/index.php\/2020\/09\/27\/bolsonaro-recebe-alta-apos-cirurgia-para-retirada-de-calculo-na-bexiga\/","title":{"rendered":"Bolsonaro recebe alta ap\u00f3s cirurgia para retirada de c\u00e1lculo na bexiga"},"content":{"rendered":"<p>Depois de passar por cirurgia para retirada de c\u00e1lculo na bexiga, o Presidente da Rep\u00fablica Jair Bolsonaro recebeu alta do Hospital Israelita Albert Einstein no in\u00edcio da tarde de hoje (26). Segundo boletim divulgado pelo hospital, Bolsonaro recebeu alta hospitalar \u00e0s 13h30. De acordo com a Secretaria Especial de Comunica\u00e7\u00e3o Social do Minist\u00e9rio das Comunica\u00e7\u00f5es, Bolsonaro desembarca em Bras\u00edlia ainda neste s\u00e1bado.<\/p>\n<p>\u201cO Presidente da Rep\u00fablica Jair Bolsonaro, internado desde a manh\u00e3 desta sexta-feira (25), no Hospital Israelita Albert Einstein, recebeu alta hospitalar nesta tarde \u00e0s 13h30\u201d, disse o boletim assinado pelos m\u00e9dicos Leandro Santini Echenique, cardiologista, Leonardo Lima Borges, urologista, e Miguel Cendoroglo, Diretor-Superintendente do Hospital Israelita Albert Einstein.<\/p>\n<p>Bolsonaro estava internado desde a manh\u00e3 desta sexta-feira (25) no hospital, onde se submeteu a uma cirurgia para retirada de c\u00e1lculo na bexiga. Boletim m\u00e9dico divulgado hoje pela manh\u00e3 informou que foi retirada a sonda para que ele urine normalmente.<\/p>\n<p>\u201cO Excelent\u00edssimo Presidente da Rep\u00fablica Jair Bolsonaro segue com \u00f3tima evolu\u00e7\u00e3o cl\u00ednica e sem complica\u00e7\u00f5es cir\u00fargicas. N\u00e3o apresenta sangramentos e est\u00e1 afebril. Foi retirada a sonda vesical para que ele urine espontaneamente. O paciente est\u00e1 recebendo hidrata\u00e7\u00e3o oral e caminhando fora do quarto\u201d, disse o boletim.<\/p>\n<p>&nbsp;<\/p>\n<p><strong>Fonte: ISTO\u00c9<\/strong><\/p>\n<p>&nbsp;<\/p>\n","protected":false},"excerpt":{"rendered":"<p>Depois de passar por cirurgia para retirada de c\u00e1lculo na bexiga, o Presidente da Rep\u00fablica Jair Bolsonaro recebeu alta do Hospital Israelita Albert Einstein no in\u00edcio da tarde de hoje (26). Segundo boletim divulgado pelo hospital, Bolsonaro recebeu alta hospitalar \u00e0s 13h30. De acordo com a Secretaria Especial de Comunica\u00e7\u00e3o Social do Minist\u00e9rio das Comunica\u00e7\u00f5es, &hellip;<\/p>\n","protected":false},"author":1,"featured_media":9674,"comment_status":"open","ping_status":"open","sticky":false,"template":"","format":"standard","meta":{"_jetpack_newsletter_access":"","_jetpack_dont_email_post_to_subs":false,"_jetpack_newsletter_tier_id":0,"_jetpack_memberships_contains_paywalled_content":false,"_jetpack_memberships_contains_paid_content":false,"footnotes":""},"categories":[1],"tags":[],"class_list":["post-9673","post","type-post","status-publish","format-standard","has-post-thumbnail","hentry","category-destaque"],"jetpack_sharing_enabled":true,"jetpack_featured_media_url":"","_links":{"self":[{"href":"https:\/\/www.oparanews.com.br\/index.php\/wp-json\/wp\/v2\/posts\/9673","targetHints":{"allow":["GET"]}}],"collection":[{"href":"https:\/\/www.oparanews.com.br\/index.php\/wp-json\/wp\/v2\/posts"}],"about":[{"href":"https:\/\/www.oparanews.com.br\/index.php\/wp-json\/wp\/v2\/types\/post"}],"author":[{"embeddable":true,"href":"https:\/\/www.oparanews.com.br\/index.php\/wp-json\/wp\/v2\/users\/1"}],"replies":[{"embeddable":true,"href":"https:\/\/www.oparanews.com.br\/index.php\/wp-json\/wp\/v2\/comments?post=9673"}],"version-history":[{"count":0,"href":"https:\/\/www.oparanews.com.br\/index.php\/wp-json\/wp\/v2\/posts\/9673\/revisions"}],"wp:attachment":[{"href":"https:\/\/www.oparanews.com.br\/index.php\/wp-json\/wp\/v2\/media?parent=9673"}],"wp:term":[{"taxonomy":"category","embeddable":true,"href":"https:\/\/www.oparanews.com.br\/index.php\/wp-json\/wp\/v2\/categories?post=9673"},{"taxonomy":"post_tag","embeddable":true,"href":"https:\/\/www.oparanews.com.br\/index.php\/wp-json\/wp\/v2\/tags?post=9673"}],"curies":[{"name":"wp","href":"https:\/\/api.w.org\/{rel}","templated":true}]}}