{"id":9688,"date":"2020-09-27T21:24:15","date_gmt":"2020-09-27T21:24:15","guid":{"rendered":"https:\/\/oparanews.com.br\/?p=9688"},"modified":"2020-09-27T21:24:15","modified_gmt":"2020-09-27T21:24:15","slug":"alagoas-confirma-170-novos-casos-e-mais-cinco-mortes-por-covid-19","status":"publish","type":"post","link":"https:\/\/www.oparanews.com.br\/index.php\/2020\/09\/27\/alagoas-confirma-170-novos-casos-e-mais-cinco-mortes-por-covid-19\/","title":{"rendered":"Alagoas confirma 170 novos casos e mais cinco mortes por Covid-19"},"content":{"rendered":"<p>Alagoas registrou 170 novos casos e cinco mortes pela Covid-19 nas \u00faltimas 24 horas, de acordo com o boletim epidemiol\u00f3gico da Secretaria de Estado da Sa\u00fade (Sesau) deste domingo (27). O total de casos confirmados aumentou para 86.294, j\u00e1 o de \u00f3bitos causados pelo novo coronav\u00edrus subiu para 2.057.<\/p>\n<p>Das pessoas que foram infectadas, 83.081 se recuperaram da doen\u00e7a. H\u00e1 1.574 casos em investiga\u00e7\u00e3o laboratorial.<\/p>\n<p>Das seis mortes registradas, duas eram de pacientes que moravam em Macei\u00f3, sendo uma mulher e um homem. As outras tr\u00eas, dois homens e uma mulher, eram do interior.<\/p>\n<p>Leitos para Covid-19<\/p>\n<p>A taxa de ocupa\u00e7\u00e3o de leitos exclusivos para Covid-19 at\u00e9 as 17h do s\u00e1bado (26) era de 17%. A ocupa\u00e7\u00e3o de leitos de UTI era de 33%.<\/p>\n<p>Mais cinco mortes por Covid-19<\/p>\n<p>Macei\u00f3: Mulher, 69 anos \u2013 sem comorbidades<br \/>\nMacei\u00f3: Homem, 67anos \u2013 sem comorbidades<br \/>\nGirau do Ponciano: Homem, 73 anos \u2013 sem comorbidades<br \/>\nBoca da Mata: Homem, 69 anos \u2013 hipertenso<br \/>\nMatriz do Camaragibe: Mulher, 67 anos \u2013 diab\u00e9tica<\/p>\n<p>&nbsp;<\/p>\n<p><strong>Fonte: G1\/AL<\/strong><\/p>\n<p>&nbsp;<\/p>\n","protected":false},"excerpt":{"rendered":"<p>Alagoas registrou 170 novos casos e cinco mortes pela Covid-19 nas \u00faltimas 24 horas, de acordo com o boletim epidemiol\u00f3gico da Secretaria de Estado da Sa\u00fade (Sesau) deste domingo (27). O total de casos confirmados aumentou para 86.294, j\u00e1 o de \u00f3bitos causados pelo novo coronav\u00edrus subiu para 2.057. Das pessoas que foram infectadas, 83.081 &hellip;<\/p>\n","protected":false},"author":1,"featured_media":7389,"comment_status":"open","ping_status":"open","sticky":false,"template":"","format":"standard","meta":{"_jetpack_newsletter_access":"","_jetpack_dont_email_post_to_subs":false,"_jetpack_newsletter_tier_id":0,"_jetpack_memberships_contains_paywalled_content":false,"_jetpack_memberships_contains_paid_content":false,"footnotes":""},"categories":[1],"tags":[],"class_list":["post-9688","post","type-post","status-publish","format-standard","has-post-thumbnail","hentry","category-destaque"],"jetpack_sharing_enabled":true,"jetpack_featured_media_url":"","_links":{"self":[{"href":"https:\/\/www.oparanews.com.br\/index.php\/wp-json\/wp\/v2\/posts\/9688","targetHints":{"allow":["GET"]}}],"collection":[{"href":"https:\/\/www.oparanews.com.br\/index.php\/wp-json\/wp\/v2\/posts"}],"about":[{"href":"https:\/\/www.oparanews.com.br\/index.php\/wp-json\/wp\/v2\/types\/post"}],"author":[{"embeddable":true,"href":"https:\/\/www.oparanews.com.br\/index.php\/wp-json\/wp\/v2\/users\/1"}],"replies":[{"embeddable":true,"href":"https:\/\/www.oparanews.com.br\/index.php\/wp-json\/wp\/v2\/comments?post=9688"}],"version-history":[{"count":0,"href":"https:\/\/www.oparanews.com.br\/index.php\/wp-json\/wp\/v2\/posts\/9688\/revisions"}],"wp:attachment":[{"href":"https:\/\/www.oparanews.com.br\/index.php\/wp-json\/wp\/v2\/media?parent=9688"}],"wp:term":[{"taxonomy":"category","embeddable":true,"href":"https:\/\/www.oparanews.com.br\/index.php\/wp-json\/wp\/v2\/categories?post=9688"},{"taxonomy":"post_tag","embeddable":true,"href":"https:\/\/www.oparanews.com.br\/index.php\/wp-json\/wp\/v2\/tags?post=9688"}],"curies":[{"name":"wp","href":"https:\/\/api.w.org\/{rel}","templated":true}]}}