{"id":9699,"date":"2020-09-27T21:35:57","date_gmt":"2020-09-27T21:35:57","guid":{"rendered":"https:\/\/oparanews.com.br\/?p=9699"},"modified":"2020-09-27T21:35:57","modified_gmt":"2020-09-27T21:35:57","slug":"ivete-sangalo-admite-crise-no-casamento-durante-a-quarentena","status":"publish","type":"post","link":"https:\/\/www.oparanews.com.br\/index.php\/2020\/09\/27\/ivete-sangalo-admite-crise-no-casamento-durante-a-quarentena\/","title":{"rendered":"Ivete Sangalo admite crise no casamento durante a quarentena"},"content":{"rendered":"<p>Ivete Sangalo n\u00e3o guardou segredos e detalhou a sua rotina durante esta quarentena por conta da pandemia do novo coronav\u00edrus. Em um bate-papo com Tha\u00eds Fersoza, no YouTube, a cantora contou os desafios da conviv\u00eancia com o marido, o nutricionista Daniel Cady, em tempos de isolamento social. A celebridade reconheceu que encarou diversas crises no casamento neste per\u00edodo.<\/p>\n<p>\u201cEstou experimentando uma coisa que nunca aconteceu na minha carreira. Estou na estrada desde os 22 anos. Nunca passei um m\u00eas inteiro dentro de casa. Est\u00e1 sendo desafiador, mas n\u00e3o falo em rela\u00e7\u00e3o a filhos. N\u00e3o falo em rela\u00e7\u00e3o a filho, porque voc\u00ea sabe que sou uma m\u00e3e presente. Mas tem essa quest\u00e3o com Daniel, de conv\u00edvio com ele\u201d, come\u00e7ou a famosa.<\/p>\n<p>\u201cA gente tem aprendido muito um sobre o outro. \u00c0s vezes, o bicho pega por conta dessa percep\u00e7\u00e3o que n\u00e3o t\u00ednhamos um do outro. At\u00e9 onde o outro est\u00e1, at\u00e9 onde \u00e9 uma presen\u00e7a f\u00edsica. Emocionalmente vamos trabalhando nossas melhorias como pessoa, casal, pais, amigos. E vamos lapidando! Nosso interesse de ficarmos juntos \u00e9 muito relevante na vida da gente. Tem muita discuss\u00e3o, muita crise. Mas elas n\u00e3o destroem, s\u00f3 constroem\u201d, completou.<\/p>\n<p>Durante a entrevista, Ivete tamb\u00e9m falou da press\u00e3o que as mulheres sofrem para ter o \u201ccorpo perfeito\u201d. Para a cantora, essa busca n\u00e3o faz sentido e s\u00f3 causa dor e ansiedade para muitas pessoas.<\/p>\n<p>\u201cCada um tem um corpo. Em nenhum momento da minha vida, fiz escolhas de estar com as pessoas por causa da apar\u00eancia, do corpo. Tenho um biotipo que nunca se encaixou em nada que eu tenha visto em revistas, em padr\u00f5es. Eu t\u00f4 doida, acho que vou viver minha vida. \u00c9 um grande equ\u00edvoco. A gente pode ter coisas em comum fisicamente, mas nunca vai ser igual. As pessoas s\u00e3o diferentes. A gente jamais vai alcan\u00e7ar esse padr\u00e3o, porque ele vai atingir outros n\u00edveis de acordo com interesses de neg\u00f3cio\u201d, ponderou.<\/p>\n<p>&nbsp;<\/p>\n<p><strong>Fonte: Famosidades<\/strong><\/p>\n<p>&nbsp;<\/p>\n","protected":false},"excerpt":{"rendered":"<p>Ivete Sangalo n\u00e3o guardou segredos e detalhou a sua rotina durante esta quarentena por conta da pandemia do novo coronav\u00edrus. Em um bate-papo com Tha\u00eds Fersoza, no YouTube, a cantora contou os desafios da conviv\u00eancia com o marido, o nutricionista Daniel Cady, em tempos de isolamento social. A celebridade reconheceu que encarou diversas crises no &hellip;<\/p>\n","protected":false},"author":1,"featured_media":9700,"comment_status":"open","ping_status":"open","sticky":false,"template":"","format":"standard","meta":{"_jetpack_newsletter_access":"","_jetpack_dont_email_post_to_subs":false,"_jetpack_newsletter_tier_id":0,"_jetpack_memberships_contains_paywalled_content":false,"_jetpack_memberships_contains_paid_content":false,"footnotes":""},"categories":[1],"tags":[],"class_list":["post-9699","post","type-post","status-publish","format-standard","has-post-thumbnail","hentry","category-destaque"],"jetpack_sharing_enabled":true,"jetpack_featured_media_url":"","_links":{"self":[{"href":"https:\/\/www.oparanews.com.br\/index.php\/wp-json\/wp\/v2\/posts\/9699","targetHints":{"allow":["GET"]}}],"collection":[{"href":"https:\/\/www.oparanews.com.br\/index.php\/wp-json\/wp\/v2\/posts"}],"about":[{"href":"https:\/\/www.oparanews.com.br\/index.php\/wp-json\/wp\/v2\/types\/post"}],"author":[{"embeddable":true,"href":"https:\/\/www.oparanews.com.br\/index.php\/wp-json\/wp\/v2\/users\/1"}],"replies":[{"embeddable":true,"href":"https:\/\/www.oparanews.com.br\/index.php\/wp-json\/wp\/v2\/comments?post=9699"}],"version-history":[{"count":0,"href":"https:\/\/www.oparanews.com.br\/index.php\/wp-json\/wp\/v2\/posts\/9699\/revisions"}],"wp:attachment":[{"href":"https:\/\/www.oparanews.com.br\/index.php\/wp-json\/wp\/v2\/media?parent=9699"}],"wp:term":[{"taxonomy":"category","embeddable":true,"href":"https:\/\/www.oparanews.com.br\/index.php\/wp-json\/wp\/v2\/categories?post=9699"},{"taxonomy":"post_tag","embeddable":true,"href":"https:\/\/www.oparanews.com.br\/index.php\/wp-json\/wp\/v2\/tags?post=9699"}],"curies":[{"name":"wp","href":"https:\/\/api.w.org\/{rel}","templated":true}]}}