{"id":9708,"date":"2020-09-28T19:12:50","date_gmt":"2020-09-28T19:12:50","guid":{"rendered":"https:\/\/oparanews.com.br\/?p=9708"},"modified":"2020-09-28T19:12:50","modified_gmt":"2020-09-28T19:12:50","slug":"justica-determina-que-governo-de-alagoas-forneca-alimentacao-para-alunos-da-rede-publica","status":"publish","type":"post","link":"https:\/\/www.oparanews.com.br\/index.php\/2020\/09\/28\/justica-determina-que-governo-de-alagoas-forneca-alimentacao-para-alunos-da-rede-publica\/","title":{"rendered":"Justi\u00e7a determina que governo de Alagoas forne\u00e7a alimenta\u00e7\u00e3o para alunos da rede p\u00fablica"},"content":{"rendered":"<p>A Justi\u00e7a de Alagoas determinou que o governo do Estado garanta a continuidade do fornecimento de alimenta\u00e7\u00e3o escolar aos alunos da rede p\u00fablica enquanto for mantida a suspens\u00e3o das aulas presenciais por causa da pandemia do novo coronav\u00edrus. A informa\u00e7\u00e3o foi divulgada nesta segunda-feira (28).<\/p>\n<p>A decis\u00e3o, proferida na \u00faltima quinta (24), \u00e9 resultado de uma a\u00e7\u00e3o movida pelo Minist\u00e9rio P\u00fablico do Estado (MP-AL). Em mar\u00e7o, quando as aulas foram suspensas, estudantes da rede estadual passaram a receber kits de merenda para ajudar nas refei\u00e7\u00f5es. Esses kits foram substitu\u00eddos pela ajuda em dinheiro, mas pais de alunos se queixam que n\u00e3o est\u00e3o recebendo o aux\u00edlio merenda h\u00e1 meses.<\/p>\n<p>A reportagem entrou em contato com a Secretaria de Estado da Educa\u00e7\u00e3o (Seduc) no in\u00edcio da tarde e aguarda resposta sobre o assunto.<\/p>\n<p>Na a\u00e7\u00e3o, o MP requereu que a Secretaria de Estado da Educa\u00e7\u00e3o fosse obrigada a enviar \u00e0s promotorias um relat\u00f3rio comprovando a distribui\u00e7\u00e3o dos kits alimentares.<\/p>\n<p>A ju\u00edza F\u00e1tima Barbosa Pirau\u00e1 atendeu a todos os requerimentos formulados pelo Minist\u00e9rio P\u00fablico e deu um prazo de 20 dias para que a decis\u00e3o seja cumprida pelo Governo do Estado. Em caso de descumprimento, uma multa di\u00e1ria no valor de R$ 5 mil reais ser\u00e1 aplicada.<\/p>\n<p>\u201cAs crian\u00e7as e os adolescentes s\u00e3o sujeitos de direitos como quaisquer outros, mas fazem jus \u00e0 aten\u00e7\u00e3o especial que lhes \u00e9 destinada pelo ordenamento jur\u00eddico p\u00e1trio e, inclusive, pela ordem internacional, sendo indispens\u00e1vel, no caso, a ado\u00e7\u00e3o de medidas concretas a fim de afastar as poss\u00edveis viola\u00e7\u00f5es de direitos que v\u00eam ocorrendo em raz\u00e3o da n\u00e3o efetiva\u00e7\u00e3o do Programa Aux\u00edlio Alimenta\u00e7\u00e3o\u201d, diz a magistrada em trecho da decis\u00e3o.<\/p>\n<p>&nbsp;<\/p>\n<p><strong>Fonte: G1\/AL<\/strong><\/p>\n<p>&nbsp;<\/p>\n","protected":false},"excerpt":{"rendered":"<p>A Justi\u00e7a de Alagoas determinou que o governo do Estado garanta a continuidade do fornecimento de alimenta\u00e7\u00e3o escolar aos alunos da rede p\u00fablica enquanto for mantida a suspens\u00e3o das aulas presenciais por causa da pandemia do novo coronav\u00edrus. A informa\u00e7\u00e3o foi divulgada nesta segunda-feira (28). A decis\u00e3o, proferida na \u00faltima quinta (24), \u00e9 resultado de &hellip;<\/p>\n","protected":false},"author":1,"featured_media":9709,"comment_status":"open","ping_status":"open","sticky":false,"template":"","format":"standard","meta":{"_jetpack_newsletter_access":"","_jetpack_dont_email_post_to_subs":false,"_jetpack_newsletter_tier_id":0,"_jetpack_memberships_contains_paywalled_content":false,"_jetpack_memberships_contains_paid_content":false,"footnotes":""},"categories":[1],"tags":[],"class_list":["post-9708","post","type-post","status-publish","format-standard","has-post-thumbnail","hentry","category-destaque"],"jetpack_sharing_enabled":true,"jetpack_featured_media_url":"","_links":{"self":[{"href":"https:\/\/www.oparanews.com.br\/index.php\/wp-json\/wp\/v2\/posts\/9708","targetHints":{"allow":["GET"]}}],"collection":[{"href":"https:\/\/www.oparanews.com.br\/index.php\/wp-json\/wp\/v2\/posts"}],"about":[{"href":"https:\/\/www.oparanews.com.br\/index.php\/wp-json\/wp\/v2\/types\/post"}],"author":[{"embeddable":true,"href":"https:\/\/www.oparanews.com.br\/index.php\/wp-json\/wp\/v2\/users\/1"}],"replies":[{"embeddable":true,"href":"https:\/\/www.oparanews.com.br\/index.php\/wp-json\/wp\/v2\/comments?post=9708"}],"version-history":[{"count":0,"href":"https:\/\/www.oparanews.com.br\/index.php\/wp-json\/wp\/v2\/posts\/9708\/revisions"}],"wp:attachment":[{"href":"https:\/\/www.oparanews.com.br\/index.php\/wp-json\/wp\/v2\/media?parent=9708"}],"wp:term":[{"taxonomy":"category","embeddable":true,"href":"https:\/\/www.oparanews.com.br\/index.php\/wp-json\/wp\/v2\/categories?post=9708"},{"taxonomy":"post_tag","embeddable":true,"href":"https:\/\/www.oparanews.com.br\/index.php\/wp-json\/wp\/v2\/tags?post=9708"}],"curies":[{"name":"wp","href":"https:\/\/api.w.org\/{rel}","templated":true}]}}