{"id":9723,"date":"2020-09-28T19:30:49","date_gmt":"2020-09-28T19:30:49","guid":{"rendered":"https:\/\/oparanews.com.br\/?p=9723"},"modified":"2020-09-28T19:30:49","modified_gmt":"2020-09-28T19:30:49","slug":"independiente-del-valle-anuncia-quatro-casos-de-covid-19","status":"publish","type":"post","link":"https:\/\/www.oparanews.com.br\/index.php\/2020\/09\/28\/independiente-del-valle-anuncia-quatro-casos-de-covid-19\/","title":{"rendered":"Independiente del Valle anuncia quatro casos de Covid-19"},"content":{"rendered":"<p>Rival do Flamengo na pr\u00f3xima rodada da Copa Libertadores, o Independiente del Valle tamb\u00e9m ter\u00e1 desfalques por conta da Covid-19. O clube equatoriano anunciou nesta segunda-feira que quatro jogadores do elenco testaram positivo para a doen\u00e7a ap\u00f3s a realiza\u00e7\u00e3o de exames PCR no \u00faltimo fim de semana. Os atletas foram isolados antes da viagem da delega\u00e7\u00e3o para o Rio de Janeiro, onde ser\u00e1 realizado o duelo pelo grupo A, na quarta-feira, \u00e0s 21h30, no Maracan\u00e3.<\/p>\n<p>De acordo com comunicado do Del Valle, os testes PCR foram realizados no \u00faltimo s\u00e1bado, logo ap\u00f3s o duelo contra o Barcelona de Guayaquil, com quatro resultados positivos. O clube, ent\u00e3o, tratou de acionar as autoridades de sa\u00fade do Equador, assim como a liga nacional e a Conmebol &#8211; al\u00e9m dos times que enfrentaram a equipe na \u00faltima semana: o Junior Barranquilla e o Barcelona.<\/p>\n<p>O an\u00fancio de casos positivos no Del Valle ocorre pouco mais de uma semana depois do confronto da equipe equatoriana contra o Flamengo, em Quito, quando os anfitri\u00f5es golearam por 5 a 0. No dia seguinte, o time brasileiro detectou o surgimento de um surto da Covid-19 em seu elenco. Inicialmente, sete jogadores testaram positivo, antes do jogo contra o Barcelona, em Guayaquil. E, ap\u00f3s o segundo confronto no Equador, o total de jogadores infectados chegou a 16.<\/p>\n<p>O surto no Flamengo acendeu o alerta no Del Valle e no Barcelona, que enfrentaram atletas que tiveram a infec\u00e7\u00e3o detectada no dia seguinte \u00e0s partidas. Entretanto, nos exames realizados nos times equatorianos logo ap\u00f3s os jogos da Libertadores, n\u00e3o houve casos positivos. As duas equipes, coincidentemente, se enfrentaram no \u00faltimo s\u00e1bado pelo Campeonato Equatoriano.<\/p>\n<p>At\u00e9 o \u00faltimo domingo, o Barcelona de Guayaquil n\u00e3o teve nenhum caso de Covid-19 confirmado em seu elenco, apesar do confronto contra o Flamengo, na \u00faltima semana, quando o risco de cont\u00e1gio chegou a colocar a realiza\u00e7\u00e3o da partida em d\u00favida. O time deve apresentar resultado de novos exames antes da viagem \u00e0 Col\u00f4mbia para o duelo contra o Junior Barranquilla, tamb\u00e9m na pr\u00f3xima quarta-feira.<\/p>\n<p>&nbsp;<\/p>\n<p><strong>Fonte: GE<\/strong><\/p>\n<p>&nbsp;<\/p>\n","protected":false},"excerpt":{"rendered":"<p>Rival do Flamengo na pr\u00f3xima rodada da Copa Libertadores, o Independiente del Valle tamb\u00e9m ter\u00e1 desfalques por conta da Covid-19. O clube equatoriano anunciou nesta segunda-feira que quatro jogadores do elenco testaram positivo para a doen\u00e7a ap\u00f3s a realiza\u00e7\u00e3o de exames PCR no \u00faltimo fim de semana. Os atletas foram isolados antes da viagem da &hellip;<\/p>\n","protected":false},"author":1,"featured_media":9724,"comment_status":"open","ping_status":"open","sticky":false,"template":"","format":"standard","meta":{"_jetpack_newsletter_access":"","_jetpack_dont_email_post_to_subs":false,"_jetpack_newsletter_tier_id":0,"_jetpack_memberships_contains_paywalled_content":false,"_jetpack_memberships_contains_paid_content":false,"footnotes":""},"categories":[1],"tags":[],"class_list":["post-9723","post","type-post","status-publish","format-standard","has-post-thumbnail","hentry","category-destaque"],"jetpack_sharing_enabled":true,"jetpack_featured_media_url":"","_links":{"self":[{"href":"https:\/\/www.oparanews.com.br\/index.php\/wp-json\/wp\/v2\/posts\/9723","targetHints":{"allow":["GET"]}}],"collection":[{"href":"https:\/\/www.oparanews.com.br\/index.php\/wp-json\/wp\/v2\/posts"}],"about":[{"href":"https:\/\/www.oparanews.com.br\/index.php\/wp-json\/wp\/v2\/types\/post"}],"author":[{"embeddable":true,"href":"https:\/\/www.oparanews.com.br\/index.php\/wp-json\/wp\/v2\/users\/1"}],"replies":[{"embeddable":true,"href":"https:\/\/www.oparanews.com.br\/index.php\/wp-json\/wp\/v2\/comments?post=9723"}],"version-history":[{"count":0,"href":"https:\/\/www.oparanews.com.br\/index.php\/wp-json\/wp\/v2\/posts\/9723\/revisions"}],"wp:attachment":[{"href":"https:\/\/www.oparanews.com.br\/index.php\/wp-json\/wp\/v2\/media?parent=9723"}],"wp:term":[{"taxonomy":"category","embeddable":true,"href":"https:\/\/www.oparanews.com.br\/index.php\/wp-json\/wp\/v2\/categories?post=9723"},{"taxonomy":"post_tag","embeddable":true,"href":"https:\/\/www.oparanews.com.br\/index.php\/wp-json\/wp\/v2\/tags?post=9723"}],"curies":[{"name":"wp","href":"https:\/\/api.w.org\/{rel}","templated":true}]}}