{"id":9753,"date":"2020-09-29T14:54:12","date_gmt":"2020-09-29T14:54:12","guid":{"rendered":"https:\/\/oparanews.com.br\/?p=9753"},"modified":"2020-09-29T14:54:12","modified_gmt":"2020-09-29T14:54:12","slug":"novos-casos-de-covid-19-em-manaus-nao-sao-2a-onda","status":"publish","type":"post","link":"https:\/\/www.oparanews.com.br\/index.php\/2020\/09\/29\/novos-casos-de-covid-19-em-manaus-nao-sao-2a-onda\/","title":{"rendered":"Novos casos de covid-19 em Manaus n\u00e3o s\u00e3o 2\u00aa onda"},"content":{"rendered":"<p>Ainda \u00e9 cedo para dizer que uma \u201csegunda onda\u201d do novo coronav\u00edrus atingiu Manaus, mas o momento \u00e9 de aten\u00e7\u00e3o. A afirma\u00e7\u00e3o \u00e9 do pesquisador Marcelo Gomes, coordenador do sistema Infogripe, desenvolvido pela Funda\u00e7\u00e3o Oswaldo Cruz (Fiocruz) em parceria com o Minist\u00e9rio da Sa\u00fade e ativo desde 2014. Segundo ele, o aumento de casos na cidade \u00e9 um fato que deve ser encarado com aten\u00e7\u00e3o, mas sem p\u00e2nico.<\/p>\n<p>\u201cFalar de segunda onda pode ficar mais claro mais \u00e0 frente, caso volte a ter um crescimento descontrolado, uma acelera\u00e7\u00e3o no cont\u00e1gio. A gente n\u00e3o est\u00e1 nessa fase, \u00e9 um crescimento lento. N\u00e3o \u00e9 uma situa\u00e7\u00e3o de p\u00e2nico, porque n\u00e3o estamos na situa\u00e7\u00e3o anterior, mas inspira cuidados\u201d, disse ele em entrevista \u00e0 Ag\u00eancia Brasil.<\/p>\n<p>Segundo o pesquisador, os dados mais recentes coletados pela Fiocruz mostram que a capital amazonense tem mostrado um crescimento no n\u00famero de casos que, apesar de n\u00e3o ser r\u00e1pido e intenso para caracterizar uma segunda onda do v\u00edrus na cidade, deve ser visto com preocupa\u00e7\u00e3o.<\/p>\n<p>\u201cO que temos de dados apontam para esse cen\u00e1rio de ter, de fato, um sinal muito sugestivo de retomada de crescimento [nas contamina\u00e7\u00f5es], mas esse crescimento ainda \u00e9, felizmente, lento. \u00c9 melhor aproveitar que ainda \u00e9 lento e agir, reavaliar as medidas de flexibiliza\u00e7\u00e3o j\u00e1 tomadas e ver no que, eventualmente, deve se recuar\u201d, opinou.<\/p>\n<p>Dados do governo do Amazonas mostram que o crescimento acentuado, ou a \u201cprimeira onda\u201d, come\u00e7ou a se desenhar no fim de mar\u00e7o, com pico no in\u00edcio de maio. Ap\u00f3s uma forte queda em n\u00fameros de hospitaliza\u00e7\u00f5es e \u00f3bitos pelo v\u00edrus, os n\u00fameros voltaram a subir a partir do in\u00edcio de agosto, mas ainda em uma propor\u00e7\u00e3o muito inferior ao registrado em maio. \u201cAinda n\u00e3o \u00e9 uma situa\u00e7\u00e3o catastr\u00f3fica, mas os cuidados precisam redobrados neste momento para que a gente n\u00e3o chegue [ao est\u00e1gio anterior]\u201d, disse.<\/p>\n<p>A prefeitura de Manaus j\u00e1 percebeu esse movimento ascendente de contamina\u00e7\u00f5es. Em 18 de setembro, o prefeito da cidade, Arthur Virg\u00edlio, decidiu fechar a praia do Complexo Tur\u00edstico Ponta Negra, principal ponto tur\u00edstico da capital. A prefeitura tamb\u00e9m ampliou, de 11 para 18, o n\u00famero de Unidades B\u00e1sicas de Sa\u00fade (UBS) para atendimento preferencial de casos de covid-19.<\/p>\n<p>\u201cDesde que os n\u00fameros de casos confirmados de covid-19 e de interna\u00e7\u00f5es em hospitais da cidade por causa da doen\u00e7a cresceram, a prefeitura de Manaus vem tomando medidas para a prote\u00e7\u00e3o da popula\u00e7\u00e3o\u201d, disse a assessoria de imprensa da prefeitura.<\/p>\n<p>O prefeito tamb\u00e9m \u00e9 favor\u00e1vel a um lockdown (confinamento) na cidade por, pelo menos, duas semanas. Mas s\u00f3 adotar\u00e1 a medida se houver apoio do governo do estado, uma vez que o munic\u00edpio n\u00e3o tem efetivo policial suficiente para fazer valer as a\u00e7\u00f5es, caso sejam tomadas.<\/p>\n<p>Imunidade de rebanho<\/p>\n<p>O aumento de casos de covid-19 em Manaus p\u00f5e \u00e0 prova a tese de que a popula\u00e7\u00e3o da cidade j\u00e1 estaria, em sua grande parte, imune ao v\u00edrus, uma vez que muitos j\u00e1 tiveram contato com ele, a chamada \u201cimunidade de rebanho\u201d. Mais uma vez, o pesquisador da Fiocruz entende que \u00e9 cedo para tirar essa conclus\u00e3o.<\/p>\n<p>\u201cA gente n\u00e3o pode afirmar com certeza que Manaus j\u00e1 est\u00e1 com imunidade de grupo. Existem alguns trabalhos sugerindo isso, mas s\u00e3o resultados com limita\u00e7\u00f5es e incertezas e, portanto, devem ser interpretados com muita cautela. O risco de apostar todas as fichas na imunidade de grupo \u00e9 relaxar e descobrir que n\u00e3o estava. E a\u00ed pode ser tarde demais\u201d, afirmou.<\/p>\n<p>Outras cidades que j\u00e1 passaram por um pico de cont\u00e1gio e reduziram esses n\u00fameros em seguida podem ter uma situa\u00e7\u00e3o parecida com a de Manaus.<\/p>\n<p>O Rio de Janeiro, por exemplo, tem experimentado um crescimento nos n\u00fameros de covid-19, mas sem o mesmo vi\u00e9s de alta de Manaus. \u201cO v\u00edrus n\u00e3o foi embora e caiu porque a gente agiu. Aten\u00e7\u00e3o e cuidado ainda s\u00e3o extremamente necess\u00e1rios\u201d, finalizou o pesquisador.<\/p>\n<p>&nbsp;<\/p>\n<p><strong>Fonte: ISTO\u00c9<\/strong><\/p>\n<p>&nbsp;<\/p>\n","protected":false},"excerpt":{"rendered":"<p>Ainda \u00e9 cedo para dizer que uma \u201csegunda onda\u201d do novo coronav\u00edrus atingiu Manaus, mas o momento \u00e9 de aten\u00e7\u00e3o. A afirma\u00e7\u00e3o \u00e9 do pesquisador Marcelo Gomes, coordenador do sistema Infogripe, desenvolvido pela Funda\u00e7\u00e3o Oswaldo Cruz (Fiocruz) em parceria com o Minist\u00e9rio da Sa\u00fade e ativo desde 2014. Segundo ele, o aumento de casos na &hellip;<\/p>\n","protected":false},"author":1,"featured_media":5855,"comment_status":"open","ping_status":"open","sticky":false,"template":"","format":"standard","meta":{"_jetpack_newsletter_access":"","_jetpack_dont_email_post_to_subs":false,"_jetpack_newsletter_tier_id":0,"_jetpack_memberships_contains_paywalled_content":false,"_jetpack_memberships_contains_paid_content":false,"footnotes":""},"categories":[1],"tags":[],"class_list":["post-9753","post","type-post","status-publish","format-standard","has-post-thumbnail","hentry","category-destaque"],"jetpack_sharing_enabled":true,"jetpack_featured_media_url":"","_links":{"self":[{"href":"https:\/\/www.oparanews.com.br\/index.php\/wp-json\/wp\/v2\/posts\/9753","targetHints":{"allow":["GET"]}}],"collection":[{"href":"https:\/\/www.oparanews.com.br\/index.php\/wp-json\/wp\/v2\/posts"}],"about":[{"href":"https:\/\/www.oparanews.com.br\/index.php\/wp-json\/wp\/v2\/types\/post"}],"author":[{"embeddable":true,"href":"https:\/\/www.oparanews.com.br\/index.php\/wp-json\/wp\/v2\/users\/1"}],"replies":[{"embeddable":true,"href":"https:\/\/www.oparanews.com.br\/index.php\/wp-json\/wp\/v2\/comments?post=9753"}],"version-history":[{"count":0,"href":"https:\/\/www.oparanews.com.br\/index.php\/wp-json\/wp\/v2\/posts\/9753\/revisions"}],"wp:attachment":[{"href":"https:\/\/www.oparanews.com.br\/index.php\/wp-json\/wp\/v2\/media?parent=9753"}],"wp:term":[{"taxonomy":"category","embeddable":true,"href":"https:\/\/www.oparanews.com.br\/index.php\/wp-json\/wp\/v2\/categories?post=9753"},{"taxonomy":"post_tag","embeddable":true,"href":"https:\/\/www.oparanews.com.br\/index.php\/wp-json\/wp\/v2\/tags?post=9753"}],"curies":[{"name":"wp","href":"https:\/\/api.w.org\/{rel}","templated":true}]}}