{"id":9763,"date":"2020-09-29T19:49:42","date_gmt":"2020-09-29T19:49:42","guid":{"rendered":"https:\/\/oparanews.com.br\/?p=9763"},"modified":"2020-09-29T19:49:42","modified_gmt":"2020-09-29T19:49:42","slug":"ronaldo-lopes-mdb-apresenta-plano-de-governo-para-o-municipio-de-penedo-2","status":"publish","type":"post","link":"https:\/\/www.oparanews.com.br\/index.php\/2020\/09\/29\/ronaldo-lopes-mdb-apresenta-plano-de-governo-para-o-municipio-de-penedo-2\/","title":{"rendered":"Ronaldo Lopes (MDB) apresenta plano de governo para o munic\u00edpio de Penedo"},"content":{"rendered":"<p>Os rumos para Penedo crescer ainda mais est\u00e3o sendo apresentados \u00e0 popula\u00e7\u00e3o por Ronaldo Lopes e Jo\u00e3o Lucas. De forma aberta e participativa, o plano de governo que j\u00e1 tem suas linhas gerais \u00e9 melhorado a partir das sugest\u00f5es apresentadas pelo povo.<\/p>\n<p>Ouvindo e dialogando com os penedenses e representantes de diversos setores da cidade, o planejamento da coliga\u00e7\u00e3o Penedo Daqui Pra Frente tem base s\u00f3lida e \u00e9 perfeitamente vi\u00e1vel.<\/p>\n<p><strong>Emprego, renda e infraestrutura<\/strong><\/p>\n<p>A plataforma de trabalho prev\u00ea, principalmente, a\u00e7\u00f5es direcionadas para a gera\u00e7\u00e3o de emprego e renda. Mais avan\u00e7os na infraestrutura da cidade, com pavimenta\u00e7\u00e3o e drenagem das ruas, tamb\u00e9m fazem parte do futuro pr\u00f3ximo de Penedo.<\/p>\n<p>Al\u00e9m disso, o plano de trabalho amplia o desenvolvimento promovido durante a gest\u00e3o Marcius Beltr\u00e3o\/Ronaldo Lopes, governo que devolveu servi\u00e7os e atendimento de qualidade para a popula\u00e7\u00e3o, especialmente em sa\u00fade e educa\u00e7\u00e3o.<\/p>\n<p>As \u00e1reas com os maiores avan\u00e7os da hist\u00f3ria recente de Penedo continuar\u00e3o bem administradas, assim como as obras estruturantes que propiciam melhores condi\u00e7\u00f5es de vida aos penedenses e potencializam, ainda mais, o turismo na cidade.<\/p>\n<p><strong>Daqui Pra Frente<\/strong><\/p>\n<p>Daqui pra frente, o bem-estar da popula\u00e7\u00e3o de Penedo se mant\u00e9m como prioridade n\u00famero um, especialmente por conta do agravamento da crise nacional, ap\u00f3s a pandemia do novo coronav\u00edrus.<\/p>\n<p>Com Ronaldo Lopes no comando e o apoio do governador Renan Filho, do vice Jo\u00e3o Lucas e dos candidatos a vereador que tamb\u00e9m querem viver numa Penedo cada vez melhor, o povo tem sua vit\u00f3ria garantida no pr\u00f3ximo dia 15 de novembro.<\/p>\n<p>&nbsp;<\/p>\n<p><strong>por Assessoria<\/strong><\/p>\n<p>&nbsp;<\/p>\n","protected":false},"excerpt":{"rendered":"<p>Os rumos para Penedo crescer ainda mais est\u00e3o sendo apresentados \u00e0 popula\u00e7\u00e3o por Ronaldo Lopes e Jo\u00e3o Lucas. De forma aberta e participativa, o plano de governo que j\u00e1 tem suas linhas gerais \u00e9 melhorado a partir das sugest\u00f5es apresentadas pelo povo. Ouvindo e dialogando com os penedenses e representantes de diversos setores da cidade, &hellip;<\/p>\n","protected":false},"author":1,"featured_media":2629,"comment_status":"open","ping_status":"open","sticky":false,"template":"","format":"standard","meta":{"_jetpack_memberships_contains_paid_content":false,"footnotes":""},"categories":[1],"tags":[],"class_list":["post-9763","post","type-post","status-publish","format-standard","has-post-thumbnail","hentry","category-destaque"],"jetpack_featured_media_url":"","jetpack_sharing_enabled":true,"_links":{"self":[{"href":"https:\/\/www.oparanews.com.br\/index.php\/wp-json\/wp\/v2\/posts\/9763","targetHints":{"allow":["GET"]}}],"collection":[{"href":"https:\/\/www.oparanews.com.br\/index.php\/wp-json\/wp\/v2\/posts"}],"about":[{"href":"https:\/\/www.oparanews.com.br\/index.php\/wp-json\/wp\/v2\/types\/post"}],"author":[{"embeddable":true,"href":"https:\/\/www.oparanews.com.br\/index.php\/wp-json\/wp\/v2\/users\/1"}],"replies":[{"embeddable":true,"href":"https:\/\/www.oparanews.com.br\/index.php\/wp-json\/wp\/v2\/comments?post=9763"}],"version-history":[{"count":0,"href":"https:\/\/www.oparanews.com.br\/index.php\/wp-json\/wp\/v2\/posts\/9763\/revisions"}],"wp:featuredmedia":[{"embeddable":true,"href":"https:\/\/www.oparanews.com.br\/index.php\/wp-json\/"}],"wp:attachment":[{"href":"https:\/\/www.oparanews.com.br\/index.php\/wp-json\/wp\/v2\/media?parent=9763"}],"wp:term":[{"taxonomy":"category","embeddable":true,"href":"https:\/\/www.oparanews.com.br\/index.php\/wp-json\/wp\/v2\/categories?post=9763"},{"taxonomy":"post_tag","embeddable":true,"href":"https:\/\/www.oparanews.com.br\/index.php\/wp-json\/wp\/v2\/tags?post=9763"}],"curies":[{"name":"wp","href":"https:\/\/api.w.org\/{rel}","templated":true}]}}