{"id":9771,"date":"2020-09-30T15:41:44","date_gmt":"2020-09-30T15:41:44","guid":{"rendered":"https:\/\/oparanews.com.br\/?p=9771"},"modified":"2020-09-30T15:41:44","modified_gmt":"2020-09-30T15:41:44","slug":"covid-19-boletim-registra-1-407-casos-do-novo-coronavirus-em-penedo","status":"publish","type":"post","link":"https:\/\/www.oparanews.com.br\/index.php\/2020\/09\/30\/covid-19-boletim-registra-1-407-casos-do-novo-coronavirus-em-penedo\/","title":{"rendered":"Covid-19: Boletim registra 1.407 casos do novo coronav\u00edrus em Penedo"},"content":{"rendered":"<p><a href=\"https:\/\/oparanews.com.br\/wp-content\/uploads\/2020\/09\/Sem-t\u00edtulo-201.jpg\"><img loading=\"lazy\" decoding=\"async\" class=\"alignleft size-medium wp-image-9772\" src=\"https:\/\/oparanews.com.br\/wp-content\/uploads\/2020\/09\/Sem-t\u00edtulo-201-273x300.jpg\" alt=\"\" width=\"273\" height=\"300\" \/><\/a>O boletim epidemiol\u00f3gico da Secretaria de Sa\u00fade da Prefeitura de Penedo informa que dos 1.407 casos confirmados de cont\u00e1gio por Covid-19, 1.333 est\u00e3o curados da doen\u00e7a que tem 14 \u00f3bitos registrados no munic\u00edpio at\u00e9 ter\u00e7a-feira, 29 de setembro.<\/p>\n<p>Os dados mais recentes da pandemia do novo coronav\u00edrus em Penedo informam ainda 75 casos monitorados, dois suspeitos e 1.199 descartados.<\/p>\n<p>Ocorr\u00eancia de Covid-19 por localidade de Penedo<\/p>\n<p>Na \u00e1rea urbana, 413 casos confirmados do novo coronav\u00edrus foram registrados no bairro Dom Constantino, 253 no Santa Luzia, 202 no Centro da cidade, 132 no bairro Raimundo Marinho e 114 no Senhor do Bonfim, tamb\u00e9m conhecido como Oiteiro.<\/p>\n<p>Abaixo de cem registros continuam os bairros Santo Ant\u00f4nio (69), Santa Izabel (57) e Santa Cec\u00edlia (15).<\/p>\n<p><a href=\"https:\/\/oparanews.com.br\/wp-content\/uploads\/2020\/09\/Sem-t\u00edtulo-203.jpg\"><img loading=\"lazy\" decoding=\"async\" class=\"alignleft size-medium wp-image-9774\" src=\"https:\/\/oparanews.com.br\/wp-content\/uploads\/2020\/09\/Sem-t\u00edtulo-203-273x300.jpg\" alt=\"\" width=\"273\" height=\"300\" \/><\/a>Os casos confirmados da doen\u00e7a tamb\u00e9m ocorrem na zona rural de Penedo, com 44 registrados no Tabuleiro dos Negros, 48 nos dois n\u00facleos na Cooperativa, 26 na comunidade Palmeira Alta, 19 casos na Santa Margarida, nove na Capela e quatro na Ponta Mofina.<\/p>\n<p>&nbsp;<\/p>\n<p><strong>por Fernando Vin\u00edcius \u2013 Decom PMP<\/strong><\/p>\n<p>&nbsp;<\/p>\n","protected":false},"excerpt":{"rendered":"<p>O boletim epidemiol\u00f3gico da Secretaria de Sa\u00fade da Prefeitura de Penedo informa que dos 1.407 casos confirmados de cont\u00e1gio por Covid-19, 1.333 est\u00e3o curados da doen\u00e7a que tem 14 \u00f3bitos registrados no munic\u00edpio at\u00e9 ter\u00e7a-feira, 29 de setembro. Os dados mais recentes da pandemia do novo coronav\u00edrus em Penedo informam ainda 75 casos monitorados, dois &hellip;<\/p>\n","protected":false},"author":1,"featured_media":9773,"comment_status":"open","ping_status":"open","sticky":false,"template":"","format":"standard","meta":{"_jetpack_newsletter_access":"","_jetpack_dont_email_post_to_subs":false,"_jetpack_newsletter_tier_id":0,"_jetpack_memberships_contains_paywalled_content":false,"_jetpack_memberships_contains_paid_content":false,"footnotes":""},"categories":[1],"tags":[],"class_list":["post-9771","post","type-post","status-publish","format-standard","has-post-thumbnail","hentry","category-destaque"],"jetpack_sharing_enabled":true,"jetpack_featured_media_url":"","_links":{"self":[{"href":"https:\/\/www.oparanews.com.br\/index.php\/wp-json\/wp\/v2\/posts\/9771","targetHints":{"allow":["GET"]}}],"collection":[{"href":"https:\/\/www.oparanews.com.br\/index.php\/wp-json\/wp\/v2\/posts"}],"about":[{"href":"https:\/\/www.oparanews.com.br\/index.php\/wp-json\/wp\/v2\/types\/post"}],"author":[{"embeddable":true,"href":"https:\/\/www.oparanews.com.br\/index.php\/wp-json\/wp\/v2\/users\/1"}],"replies":[{"embeddable":true,"href":"https:\/\/www.oparanews.com.br\/index.php\/wp-json\/wp\/v2\/comments?post=9771"}],"version-history":[{"count":0,"href":"https:\/\/www.oparanews.com.br\/index.php\/wp-json\/wp\/v2\/posts\/9771\/revisions"}],"wp:attachment":[{"href":"https:\/\/www.oparanews.com.br\/index.php\/wp-json\/wp\/v2\/media?parent=9771"}],"wp:term":[{"taxonomy":"category","embeddable":true,"href":"https:\/\/www.oparanews.com.br\/index.php\/wp-json\/wp\/v2\/categories?post=9771"},{"taxonomy":"post_tag","embeddable":true,"href":"https:\/\/www.oparanews.com.br\/index.php\/wp-json\/wp\/v2\/tags?post=9771"}],"curies":[{"name":"wp","href":"https:\/\/api.w.org\/{rel}","templated":true}]}}