{"id":9789,"date":"2020-10-01T12:35:50","date_gmt":"2020-10-01T12:35:50","guid":{"rendered":"https:\/\/oparanews.com.br\/?p=9789"},"modified":"2020-10-01T12:35:50","modified_gmt":"2020-10-01T12:35:50","slug":"divulgadas-regras-para-retomada-de-eventos-e-abertura-de-parques","status":"publish","type":"post","link":"https:\/\/www.oparanews.com.br\/index.php\/2020\/10\/01\/divulgadas-regras-para-retomada-de-eventos-e-abertura-de-parques\/","title":{"rendered":"Divulgadas regras para retomada de eventos e abertura de parques"},"content":{"rendered":"<p>O Governo do Estado publicou em edi\u00e7\u00e3o suplementar do Di\u00e1rio Oficial da Uni\u00e3o, desta quarta-feira (30), o protocolo sanit\u00e1rio para a retomada dos eventos sociais, corporativos e celebra\u00e7\u00f5es e para a reabertura dos parques. As normatiza\u00e7\u00f5es gerais s\u00e3o v\u00e1lidas para todas as atividades do segmento.<\/p>\n<p>Os espa\u00e7os para eventos sociais e corporativos, em ambientes abertos, devem funcionar com a capacidade m\u00e1xima de 300 pessoas e cumprir as medidas espec\u00edficas de seguran\u00e7a, higieniza\u00e7\u00e3o e distanciamento social.<\/p>\n<p>Al\u00e9m disso, dever\u00e1 ser estabelecido um quadrante de, no m\u00ednimo, 6,25 m\u00b2, sendo 2,5m x 2,5m (dois metros e meio) para a acomoda\u00e7\u00e3o de cada mesa com suas cadeiras e dever\u00e3o ser realizadas revistas na entrada do evento sem o contato f\u00edsico e apenas com o uso de detectores de metais. O fornecimento de servi\u00e7o de manobrista est\u00e1 proibido.<\/p>\n<p>Durante o evento, \u00e9 permitido que os clientes ou convidados retirem as m\u00e1scaras apenas para consumo de alimentos ou bebidas nas mesas ou em locais reservados para essa finalidade e nas pistas de dan\u00e7a s\u00f3 ser\u00e3o permitidas duas pessoas, a exemplo de aniversariantes, nubentes, ou debutante e seu par.<\/p>\n<p><strong>Parques de divers\u00f5es<\/strong><\/p>\n<p>Os parques de divers\u00f5es e parques aqu\u00e1ticos que est\u00e3o instalados em \u00e1rea p\u00fablica ou privadas devem reduzir a capacidade de p\u00fablico para 50% no uso dos brinquedos e vender ingressos para os brinquedos, preferencialmente, por meio eletr\u00f4nico (cart\u00e3o de cr\u00e9dito, aplicativos ou outros), evitando o uso de c\u00e9dulas ou moedas.<\/p>\n<p>Os brinquedos dever\u00e3o ser adequados para respeitar um distanciamento m\u00ednimo de 1,5 m (um metro e cinquenta cent\u00edmetros) entre os clientes.<\/p>\n<p>Al\u00e9m disso, o embarque e desembarque nos equipamentos dever\u00e1 ser realizado sem contato f\u00edsico entre visitantes e funcion\u00e1rios, e nos casos em que a assist\u00eancia geralmente \u00e9 oferecida aos visitantes, como crian\u00e7as ou pessoas com mobilidade reduzida, ela deve ser realizada pelos membros da fam\u00edlia.<\/p>\n<p>Piscinas de bolinhas e as camas el\u00e1sticas dever\u00e3o ser desativadas.<\/p>\n<p>Nos parques aqu\u00e1ticos privados, os usu\u00e1rios poder\u00e3o retirar a m\u00e1scara antes de entrar na \u00e1gua, descartando-a ou guardando-a em local seco e recolocar ao sair da piscina. Al\u00e9m disso, o estabelecimento dever\u00e1 garantir n\u00edvel de cloro entre 0,8 e 3 mg\/litro e PH entre 7,2 a 7,8 em cada piscina, devendo o monitoramento ser realizado a cada 2h.<\/p>\n<p>As espregui\u00e7adeiras dever\u00e3o ser afastadas umas das outras, obedecendo a distanciamento m\u00ednimo de 2m (dois metros) entre elas e higieniz\u00e1-las ap\u00f3s cada uso. O compartilhamento de itens, como \u00f3culos e snorkels, com pessoas fora do seu n\u00facleo familiar est\u00e1 proibido.<\/p>\n<p>O resgate de um nadador em dificuldades, prestando primeiros socorros ou realizando ressuscita\u00e7\u00e3o cardiopulmonar, com ou sem um desfibrilador externo autom\u00e1tico est\u00e1 liberado.<\/p>\n<p>Os restaurantes, caf\u00e9s, bombonieres e similares que funcionem no interior dos estabelecimentos, assim como as atividades de embelezamento, devem atender ao protocolo espec\u00edfico para a sua atividade.<\/p>\n<p>&nbsp;<\/p>\n<p><strong>Fonte: Gazetaweb<\/strong><\/p>\n<p>&nbsp;<\/p>\n","protected":false},"excerpt":{"rendered":"<p>O Governo do Estado publicou em edi\u00e7\u00e3o suplementar do Di\u00e1rio Oficial da Uni\u00e3o, desta quarta-feira (30), o protocolo sanit\u00e1rio para a retomada dos eventos sociais, corporativos e celebra\u00e7\u00f5es e para a reabertura dos parques. As normatiza\u00e7\u00f5es gerais s\u00e3o v\u00e1lidas para todas as atividades do segmento. Os espa\u00e7os para eventos sociais e corporativos, em ambientes abertos, &hellip;<\/p>\n","protected":false},"author":1,"featured_media":9790,"comment_status":"open","ping_status":"open","sticky":false,"template":"","format":"standard","meta":{"_jetpack_newsletter_access":"","_jetpack_dont_email_post_to_subs":false,"_jetpack_newsletter_tier_id":0,"_jetpack_memberships_contains_paywalled_content":false,"_jetpack_memberships_contains_paid_content":false,"footnotes":""},"categories":[1],"tags":[],"class_list":["post-9789","post","type-post","status-publish","format-standard","has-post-thumbnail","hentry","category-destaque"],"jetpack_sharing_enabled":true,"jetpack_featured_media_url":"","_links":{"self":[{"href":"https:\/\/www.oparanews.com.br\/index.php\/wp-json\/wp\/v2\/posts\/9789","targetHints":{"allow":["GET"]}}],"collection":[{"href":"https:\/\/www.oparanews.com.br\/index.php\/wp-json\/wp\/v2\/posts"}],"about":[{"href":"https:\/\/www.oparanews.com.br\/index.php\/wp-json\/wp\/v2\/types\/post"}],"author":[{"embeddable":true,"href":"https:\/\/www.oparanews.com.br\/index.php\/wp-json\/wp\/v2\/users\/1"}],"replies":[{"embeddable":true,"href":"https:\/\/www.oparanews.com.br\/index.php\/wp-json\/wp\/v2\/comments?post=9789"}],"version-history":[{"count":0,"href":"https:\/\/www.oparanews.com.br\/index.php\/wp-json\/wp\/v2\/posts\/9789\/revisions"}],"wp:attachment":[{"href":"https:\/\/www.oparanews.com.br\/index.php\/wp-json\/wp\/v2\/media?parent=9789"}],"wp:term":[{"taxonomy":"category","embeddable":true,"href":"https:\/\/www.oparanews.com.br\/index.php\/wp-json\/wp\/v2\/categories?post=9789"},{"taxonomy":"post_tag","embeddable":true,"href":"https:\/\/www.oparanews.com.br\/index.php\/wp-json\/wp\/v2\/tags?post=9789"}],"curies":[{"name":"wp","href":"https:\/\/api.w.org\/{rel}","templated":true}]}}