{"id":9792,"date":"2020-10-01T18:55:37","date_gmt":"2020-10-01T18:55:37","guid":{"rendered":"https:\/\/oparanews.com.br\/?p=9792"},"modified":"2020-10-01T18:55:37","modified_gmt":"2020-10-01T18:55:37","slug":"operacao-policial-prende-integrantes-de-organizacao-criminosa-em-penedo","status":"publish","type":"post","link":"https:\/\/www.oparanews.com.br\/index.php\/2020\/10\/01\/operacao-policial-prende-integrantes-de-organizacao-criminosa-em-penedo\/","title":{"rendered":"Opera\u00e7\u00e3o policial prende integrantes de organiza\u00e7\u00e3o criminosa em Penedo"},"content":{"rendered":"<p>Cinco pessoas que integram uma organiza\u00e7\u00e3o criminosa foram presas em uma opera\u00e7\u00e3o policial que foi deflagrada nesta quinta-feira (1\u00ba), em Penedo, no interior de Alagoas. O objetivo da a\u00e7\u00e3o \u00e9 combater o tr\u00e1fico de drogas e o porte ilegal de arma de fogo na cidade.<\/p>\n<p>A a\u00e7\u00e3o integrada chamada \u201cOpera\u00e7\u00e3o Penedo\u201d foi coordenada pela Secretaria de Estado da Seguran\u00e7a P\u00fablica (SSP) com policiais da Divis\u00e3o Especial de Investiga\u00e7\u00f5es e Capturas (DEIC) e do 11\u00ba Batalh\u00e3o da Pol\u00edcia Militar (11\u00ba BPM). 15 mandados de busca e apreens\u00e3o foram expedidos pela 17\u00aa Criminal da Capital.<\/p>\n<p>Participaram do cumprimento dos mandados policiais do 3\u00ba e 11\u00ba Batalh\u00f5es da Pol\u00edcia Militar (BPM), o Canil do 3\u00ba BPM e o Grupamento A\u00e9reo da SSP.<\/p>\n<p>As investiga\u00e7\u00f5es apontam que a organiza\u00e7\u00e3o criminosa agia especialmente nos bairros Santo Ant\u00f4nio e Matadouro.<\/p>\n<p>Durante a opera\u00e7\u00e3o, quatro pessoas foram autuadas em flagrante por tr\u00e1fico de drogas e com elas foram apreendidas 79 bombinhas de maconha. Uma pessoa foi presa por porte ilegal de uma espingarda calibre 12.<\/p>\n<p>Os suspeitos e todo o material apreendido foram levados para a 7\u00aa Delegacia Regional de Penedo.<\/p>\n<p>&nbsp;<\/p>\n<p><strong>Fonte: G1\/AL<\/strong><\/p>\n<p>&nbsp;<\/p>\n","protected":false},"excerpt":{"rendered":"<p>Cinco pessoas que integram uma organiza\u00e7\u00e3o criminosa foram presas em uma opera\u00e7\u00e3o policial que foi deflagrada nesta quinta-feira (1\u00ba), em Penedo, no interior de Alagoas. O objetivo da a\u00e7\u00e3o \u00e9 combater o tr\u00e1fico de drogas e o porte ilegal de arma de fogo na cidade. A a\u00e7\u00e3o integrada chamada \u201cOpera\u00e7\u00e3o Penedo\u201d foi coordenada pela Secretaria &hellip;<\/p>\n","protected":false},"author":1,"featured_media":9793,"comment_status":"open","ping_status":"open","sticky":false,"template":"","format":"standard","meta":{"_jetpack_newsletter_access":"","_jetpack_dont_email_post_to_subs":false,"_jetpack_newsletter_tier_id":0,"_jetpack_memberships_contains_paywalled_content":false,"_jetpack_memberships_contains_paid_content":false,"footnotes":""},"categories":[1],"tags":[],"class_list":["post-9792","post","type-post","status-publish","format-standard","has-post-thumbnail","hentry","category-destaque"],"jetpack_sharing_enabled":true,"jetpack_featured_media_url":"","_links":{"self":[{"href":"https:\/\/www.oparanews.com.br\/index.php\/wp-json\/wp\/v2\/posts\/9792","targetHints":{"allow":["GET"]}}],"collection":[{"href":"https:\/\/www.oparanews.com.br\/index.php\/wp-json\/wp\/v2\/posts"}],"about":[{"href":"https:\/\/www.oparanews.com.br\/index.php\/wp-json\/wp\/v2\/types\/post"}],"author":[{"embeddable":true,"href":"https:\/\/www.oparanews.com.br\/index.php\/wp-json\/wp\/v2\/users\/1"}],"replies":[{"embeddable":true,"href":"https:\/\/www.oparanews.com.br\/index.php\/wp-json\/wp\/v2\/comments?post=9792"}],"version-history":[{"count":0,"href":"https:\/\/www.oparanews.com.br\/index.php\/wp-json\/wp\/v2\/posts\/9792\/revisions"}],"wp:attachment":[{"href":"https:\/\/www.oparanews.com.br\/index.php\/wp-json\/wp\/v2\/media?parent=9792"}],"wp:term":[{"taxonomy":"category","embeddable":true,"href":"https:\/\/www.oparanews.com.br\/index.php\/wp-json\/wp\/v2\/categories?post=9792"},{"taxonomy":"post_tag","embeddable":true,"href":"https:\/\/www.oparanews.com.br\/index.php\/wp-json\/wp\/v2\/tags?post=9792"}],"curies":[{"name":"wp","href":"https:\/\/api.w.org\/{rel}","templated":true}]}}