{"id":9795,"date":"2020-10-01T18:58:00","date_gmt":"2020-10-01T18:58:00","guid":{"rendered":"https:\/\/oparanews.com.br\/?p=9795"},"modified":"2020-10-01T18:58:00","modified_gmt":"2020-10-01T18:58:00","slug":"renda-cidada-depende-de-corte-ou-quebra-do-teto-diz-mourao","status":"publish","type":"post","link":"https:\/\/www.oparanews.com.br\/index.php\/2020\/10\/01\/renda-cidada-depende-de-corte-ou-quebra-do-teto-diz-mourao\/","title":{"rendered":"Renda Cidad\u00e3 depende de corte ou quebra do teto, diz Mour\u00e3o"},"content":{"rendered":"<p>O vice-presidente da Rep\u00fablica, Hamilton Mour\u00e3o, admitiu nesta quinta-feira que a cria\u00e7\u00e3o do programa Renda Cidad\u00e3 depende de corte de recursos em outras \u00e1reas ou alguma medida fora do teto de gastos, j\u00e1 que o governo n\u00e3o tem dinheiro extra, e que o Congresso ter\u00e1 que decidir.<\/p>\n<p>&#8220;Vamos olhar a coisa aqui de uma forma muito clara. Se voc\u00ea quer colocar um programa social mais robusto que o existente, voc\u00ea s\u00f3 tem uma de duas linhas de a\u00e7\u00e3o: ou voc\u00ea vai cortar gastos em outras \u00e1reas e transferir esses recursos para esse programa, ou ent\u00e3o voc\u00ea vai sentar com o Congresso e propor algo diferente, uma outra manobra, algo que seja, por exemplo, fora do teto de gastos, um imposto espec\u00edfico para isso e que seja aceito pela sociedade como um todo. Ent\u00e3o, n\u00e3o tem outra solu\u00e7\u00e3o&#8221;, disse a jornalistas.<\/p>\n<p>Na segunda-feira, o presidente Jair Bolsonaro, o ministro da Economia, Paulo Guedes, e os l\u00edderes do governo no Congresso apresentaram a proposta de cria\u00e7\u00e3o do Renda Cidad\u00e3, que fortaleceria o Bolsa Fam\u00edlia. O novo programa seria financiado com parte dos recursos do Fundo de Desenvolvimento da Educa\u00e7\u00e3o B\u00e1sica (Fundeb) e parte do dinheiro reservado no or\u00e7amento para pagamento de precat\u00f3rios &#8211;d\u00edvidas da Uni\u00e3o com empresas e pessoas f\u00edsicas, com decis\u00e3o final da Justi\u00e7a, que o governo \u00e9 obrigado a pagar.<\/p>\n<p>A proposta foi mal recebida no Congresso e no mercado financeiro, com queda na bolsa e aumento do d\u00f3lar e dos juros no mercado futuro, um reflexo direto da desconfian\u00e7a dos investidores de que o governo estaria tentando burlar o teto de gastos.<\/p>\n<p>Na quarta-feira, no entanto, Guedes apareceu em entrevista sobre empregos para negar que o governo v\u00e1 usar precat\u00f3rios para financiar o programa, e defendeu a &#8220;calibragem&#8221; de outros programas sociais para turbinar o Bolsa Fam\u00edlia.<\/p>\n<p>Segundo Mour\u00e3o, a ideia j\u00e1 estaria realmente descartada.<\/p>\n<p>&#8220;Voltou atr\u00e1s. Provavelmente n\u00e3o vai usar&#8221;, disse, sobre precat\u00f3rios, acrescentando que possivelmente os recursos vindos do Fundeb tamb\u00e9m n\u00e3o seriam usados.<\/p>\n<p>Ao ser perguntado de onde viriam ent\u00e3o os recursos, Mour\u00e3o admitiu: &#8220;N\u00e3o tem de onde tirar, essa \u00e9 a realidade.&#8221;<\/p>\n<p>De acordo com uma fonte ouvida pela Reuters, a Proposta de Emenda \u00e0 Constitui\u00e7\u00e3o emergencial que criaria o programa j\u00e1 est\u00e1 pronta e na mesa do senador Marcio Bittar (MDB-AC), relator do Or\u00e7amento no Congresso e da PEC do Pacto Federativo, tendo como fontes de financiamento os precat\u00f3rios e o Fundeb. No entanto, o texto n\u00e3o foi apresentado ainda e a equipe de Bittar aguarda novas orienta\u00e7\u00f5es do senador.<\/p>\n<p>&nbsp;<\/p>\n<p><strong>Fonte: Terra<\/strong><\/p>\n<p>&nbsp;<\/p>\n","protected":false},"excerpt":{"rendered":"<p>O vice-presidente da Rep\u00fablica, Hamilton Mour\u00e3o, admitiu nesta quinta-feira que a cria\u00e7\u00e3o do programa Renda Cidad\u00e3 depende de corte de recursos em outras \u00e1reas ou alguma medida fora do teto de gastos, j\u00e1 que o governo n\u00e3o tem dinheiro extra, e que o Congresso ter\u00e1 que decidir. &#8220;Vamos olhar a coisa aqui de uma forma &hellip;<\/p>\n","protected":false},"author":1,"featured_media":9797,"comment_status":"open","ping_status":"open","sticky":false,"template":"","format":"standard","meta":{"_jetpack_newsletter_access":"","_jetpack_dont_email_post_to_subs":false,"_jetpack_newsletter_tier_id":0,"_jetpack_memberships_contains_paywalled_content":false,"_jetpack_memberships_contains_paid_content":false,"footnotes":""},"categories":[1],"tags":[],"class_list":["post-9795","post","type-post","status-publish","format-standard","has-post-thumbnail","hentry","category-destaque"],"jetpack_sharing_enabled":true,"jetpack_featured_media_url":"","_links":{"self":[{"href":"https:\/\/www.oparanews.com.br\/index.php\/wp-json\/wp\/v2\/posts\/9795","targetHints":{"allow":["GET"]}}],"collection":[{"href":"https:\/\/www.oparanews.com.br\/index.php\/wp-json\/wp\/v2\/posts"}],"about":[{"href":"https:\/\/www.oparanews.com.br\/index.php\/wp-json\/wp\/v2\/types\/post"}],"author":[{"embeddable":true,"href":"https:\/\/www.oparanews.com.br\/index.php\/wp-json\/wp\/v2\/users\/1"}],"replies":[{"embeddable":true,"href":"https:\/\/www.oparanews.com.br\/index.php\/wp-json\/wp\/v2\/comments?post=9795"}],"version-history":[{"count":0,"href":"https:\/\/www.oparanews.com.br\/index.php\/wp-json\/wp\/v2\/posts\/9795\/revisions"}],"wp:attachment":[{"href":"https:\/\/www.oparanews.com.br\/index.php\/wp-json\/wp\/v2\/media?parent=9795"}],"wp:term":[{"taxonomy":"category","embeddable":true,"href":"https:\/\/www.oparanews.com.br\/index.php\/wp-json\/wp\/v2\/categories?post=9795"},{"taxonomy":"post_tag","embeddable":true,"href":"https:\/\/www.oparanews.com.br\/index.php\/wp-json\/wp\/v2\/tags?post=9795"}],"curies":[{"name":"wp","href":"https:\/\/api.w.org\/{rel}","templated":true}]}}