{"id":9798,"date":"2020-10-01T19:01:21","date_gmt":"2020-10-01T19:01:21","guid":{"rendered":"https:\/\/oparanews.com.br\/?p=9798"},"modified":"2020-10-01T19:01:21","modified_gmt":"2020-10-01T19:01:21","slug":"amazonia-tem-piores-queimadas-em-uma-decada","status":"publish","type":"post","link":"https:\/\/www.oparanews.com.br\/index.php\/2020\/10\/01\/amazonia-tem-piores-queimadas-em-uma-decada\/","title":{"rendered":"Amaz\u00f4nia tem piores queimadas em uma d\u00e9cada"},"content":{"rendered":"<p>As queimadas na Amaz\u00f4nia aumentaram 13% nos primeiros nove meses do ano na compara\u00e7\u00e3o com o mesmo per\u00edodo de 2019, e a floresta vive o pior per\u00edodo de inc\u00eandios em uma d\u00e9cada, mostraram dados do Instituto Nacional de Pesquisas Espaciais (Inpe) nesta quinta-feira.<\/p>\n<p>Em setembro, os sat\u00e9lites registraram 32.017 focos de inc\u00eandio na maior floresta tropical do mundo, um aumento de 61% em rela\u00e7\u00e3o ao mesmo m\u00eas de 2019.<\/p>\n<p>Em agosto do ano passado os crescentes inc\u00eandios na Amaz\u00f4nia ganharam as manchetes no mundo todo e provocaram cr\u00edticas de l\u00edderes mundiais, como o presidente da Fran\u00e7a, Emmanuel Macron, de que o Brasil n\u00e3o estaria fazendo o suficiente para proteger a floresta tropical.<\/p>\n<p>Na ter\u00e7a, o candidato democrata \u00e0 Presid\u00eancia dos Estados Unidos, Joe Biden, prop\u00f4s um esfor\u00e7o mundial para fornecer 20 bilh\u00f5es de d\u00f3lares para parar com o desmatamento da Amaz\u00f4nia e, sem especificar, amea\u00e7ou o Brasil com &#8220;consequ\u00eancias econ\u00f4micas significativas&#8221; se o pa\u00eds n\u00e3o parar a devasta\u00e7\u00e3o da floresta.<\/p>\n<p>O presidente Jair Bolsonaro foi duro na resposta a Biden e classificou a declara\u00e7\u00e3o dele como &#8220;desastrosa e gratuita&#8221;, afirmando ainda que o democrata fez &#8220;infundadas amea\u00e7as&#8221;.<\/p>\n<p>Os dados do Inpe mostram que, em 2019, os inc\u00eandios tiveram um pico em agosto e ca\u00edram consideravelmente um m\u00eas depois, mas neste ano o pico tem se mantido. Tanto em agosto quanto em setembro deste ano o pico dos mesmos meses do ano passado foi igualado ou superado.<\/p>\n<p>&#8220;A gente teve dois meses de muito fogo. Pior do que o ano passado j\u00e1 est\u00e1. Pode piorar ainda mais, se a seca continuar. A gente est\u00e1 \u00e0 merc\u00ea das chuvas&#8221;, disse Ane Alencar, diretora cient\u00edfica do Instituto de Pesquisa Ambiental da Amaz\u00f4nia (Ipam).<\/p>\n<p>A Amaz\u00f4nia enfrenta uma temporada de seca mais severa do que no ano passado, o que os cientistas atribuem ao aquecimento do Atl\u00e2ntico Norte tropical.<\/p>\n<p>Em toda a Amaz\u00f4nia, que se espalha por nove pa\u00edses, h\u00e1 atualmente 28.892 focos de inc\u00eandio, de acordo com uma ferramenta de monitoramento financiada em parte pela Nasa, a ag\u00eancia espacial dos Estados Unidos.<\/p>\n<p>Os inc\u00eandios em setembro n\u00e3o queimaram apenas \u00e1reas recentemente desmatadas e \u00e1reas agr\u00edcolas, onde produtores iniciam o fogo para limpar a terra, mas atingem cada vez mais a mata virgem, uma tend\u00eancia preocupante que sugere que a floresta est\u00e1 cada vez mais seca e mais propensa ao fogo.<\/p>\n<p>Cerca de 62% dos maiores inc\u00eandios na Amaz\u00f4nia aconteceram em florestas em setembro, contra somente 15% em agosto, de acordo com an\u00e1lises de imagens de sat\u00e9lite da entidade sem fins lucrativos sediada nos EUA Amazon Conservation.<\/p>\n<p>O aquecimento do Atl\u00e2ntico Norte tamb\u00e9m est\u00e1 influenciando a seca no Pantanal, que segundo dados do Inpe registrou o maior numero de focos de inc\u00eandios desde o in\u00edcio dos registros em 1998.<\/p>\n<p>&#8220;O Brasil est\u00e1 em chamas&#8221;, disse Cristiane Mazzetti, do Greenpeace Brasil, em comunicado.<\/p>\n<p>&nbsp;<\/p>\n<p><strong>Fonte: Terra<\/strong><\/p>\n<p>&nbsp;<\/p>\n","protected":false},"excerpt":{"rendered":"<p>As queimadas na Amaz\u00f4nia aumentaram 13% nos primeiros nove meses do ano na compara\u00e7\u00e3o com o mesmo per\u00edodo de 2019, e a floresta vive o pior per\u00edodo de inc\u00eandios em uma d\u00e9cada, mostraram dados do Instituto Nacional de Pesquisas Espaciais (Inpe) nesta quinta-feira. Em setembro, os sat\u00e9lites registraram 32.017 focos de inc\u00eandio na maior floresta &hellip;<\/p>\n","protected":false},"author":1,"featured_media":9799,"comment_status":"open","ping_status":"open","sticky":false,"template":"","format":"standard","meta":{"_jetpack_newsletter_access":"","_jetpack_dont_email_post_to_subs":false,"_jetpack_newsletter_tier_id":0,"_jetpack_memberships_contains_paywalled_content":false,"_jetpack_memberships_contains_paid_content":false,"footnotes":""},"categories":[1],"tags":[],"class_list":["post-9798","post","type-post","status-publish","format-standard","has-post-thumbnail","hentry","category-destaque"],"jetpack_sharing_enabled":true,"jetpack_featured_media_url":"","_links":{"self":[{"href":"https:\/\/www.oparanews.com.br\/index.php\/wp-json\/wp\/v2\/posts\/9798","targetHints":{"allow":["GET"]}}],"collection":[{"href":"https:\/\/www.oparanews.com.br\/index.php\/wp-json\/wp\/v2\/posts"}],"about":[{"href":"https:\/\/www.oparanews.com.br\/index.php\/wp-json\/wp\/v2\/types\/post"}],"author":[{"embeddable":true,"href":"https:\/\/www.oparanews.com.br\/index.php\/wp-json\/wp\/v2\/users\/1"}],"replies":[{"embeddable":true,"href":"https:\/\/www.oparanews.com.br\/index.php\/wp-json\/wp\/v2\/comments?post=9798"}],"version-history":[{"count":0,"href":"https:\/\/www.oparanews.com.br\/index.php\/wp-json\/wp\/v2\/posts\/9798\/revisions"}],"wp:attachment":[{"href":"https:\/\/www.oparanews.com.br\/index.php\/wp-json\/wp\/v2\/media?parent=9798"}],"wp:term":[{"taxonomy":"category","embeddable":true,"href":"https:\/\/www.oparanews.com.br\/index.php\/wp-json\/wp\/v2\/categories?post=9798"},{"taxonomy":"post_tag","embeddable":true,"href":"https:\/\/www.oparanews.com.br\/index.php\/wp-json\/wp\/v2\/tags?post=9798"}],"curies":[{"name":"wp","href":"https:\/\/api.w.org\/{rel}","templated":true}]}}