{"id":9807,"date":"2020-10-02T13:28:44","date_gmt":"2020-10-02T13:28:44","guid":{"rendered":"https:\/\/oparanews.com.br\/?p=9807"},"modified":"2020-10-02T13:28:44","modified_gmt":"2020-10-02T13:28:44","slug":"boletim-epidemiologico-registra-15o-obito-por-covid-19-em-penedo","status":"publish","type":"post","link":"https:\/\/www.oparanews.com.br\/index.php\/2020\/10\/02\/boletim-epidemiologico-registra-15o-obito-por-covid-19-em-penedo\/","title":{"rendered":"Boletim epidemiol\u00f3gico registra 15\u00ba \u00f3bito por Covid-19 em Penedo"},"content":{"rendered":"<p>O boletim epidemiol\u00f3gico da Secretaria Municipal de Sa\u00fade (SEMS) sobre a pandemia da Covid-19 em Penedo informa o 15\u00ba \u00f3bito causado pela doen\u00e7a entre pessoas residentes no munic\u00edpio.<\/p>\n<p>A v\u00edtima que faleceu no Hospital Regional de Arapiraca era um idoso de 87 anos que residia na comunidade rural Capela e n\u00e3o tinha registro de comorbidades, segundo a confirma\u00e7\u00e3o da Secretaria de Estado da Sa\u00fade sobre o \u00f3bito.<\/p>\n<p>O boletim da SEMS Penedo desta quinta-feira, primeiro dia do m\u00eas de outubro, informa ainda 70 pessoas monitoradas, cinco casos suspeitos e 1.217 descartados.<\/p>\n<p>Em rela\u00e7\u00e3o aos casos confirmados de Covid, dos 1.434 contabilizados at\u00e9 hoje, 1.355 j\u00e1 est\u00e3o curados da doen\u00e7a respons\u00e1vel por 2.078 mortes em Alagoas e mais de 144 mil no Brasil.<\/p>\n<p>Ocorr\u00eancia de Covid-19 por localidade de Penedo<\/p>\n<p>Em rela\u00e7\u00e3o \u00e0s localidades com maior incid\u00eancia de casos confirmados de Covid-19 em Penedo, o bairro Dom Constantino tem 429 registros, o Santa Luzia contabiliza 254 casos, o centro da cidade 206, o Raimundo Marinho 133 e o Senhor do Bonfim 119 casos.<\/p>\n<p>Abaixo de cem registros e ainda dentro da \u00e1rea urbana de Penedo est\u00e3o os bairros Santo Ant\u00f4nio (69), Santa Izabel (57) e Santa Cec\u00edlia (15).<\/p>\n<p>Fora da cidade, a comunidade remanescente quilombola Tabuleiro dos Negros acumula 46 casos confirmados, os dois n\u00facleos da Cooperativa 48 registros; o povoado Palmeira Alta 26; povoado Capela aparece com nove e o Santa Margarida com 19 casos.<\/p>\n<p>Fechando o quadro de estat\u00edstica por localidade est\u00e3o quatro casos confirmados na comunidade Ponta Mofina.<\/p>\n<p>A Prefeitura de Penedo orienta a popula\u00e7\u00e3o que se dirija at\u00e9 a Unidade de Refer\u00eancia em S\u00edndromes Gripais para ter acesso a atendimento especializado. O centro de triagem localizado pr\u00f3ximo do Trevo da Toca do \u00cdndio, na Avenida Wanderley, funciona de segunda \u00e0 sexta-feira, no hor\u00e1rio das 8h \u00e0s 17h.<\/p>\n<p>&nbsp;<\/p>\n<p><strong>Por Fernando Vin\u00edcius \u2013 Decom PMP<\/strong><\/p>\n<p>&nbsp;<\/p>\n","protected":false},"excerpt":{"rendered":"<p>O boletim epidemiol\u00f3gico da Secretaria Municipal de Sa\u00fade (SEMS) sobre a pandemia da Covid-19 em Penedo informa o 15\u00ba \u00f3bito causado pela doen\u00e7a entre pessoas residentes no munic\u00edpio. A v\u00edtima que faleceu no Hospital Regional de Arapiraca era um idoso de 87 anos que residia na comunidade rural Capela e n\u00e3o tinha registro de comorbidades, &hellip;<\/p>\n","protected":false},"author":1,"featured_media":9808,"comment_status":"open","ping_status":"open","sticky":false,"template":"","format":"standard","meta":{"_jetpack_newsletter_access":"","_jetpack_dont_email_post_to_subs":false,"_jetpack_newsletter_tier_id":0,"_jetpack_memberships_contains_paywalled_content":false,"_jetpack_memberships_contains_paid_content":false,"footnotes":""},"categories":[1],"tags":[],"class_list":["post-9807","post","type-post","status-publish","format-standard","has-post-thumbnail","hentry","category-destaque"],"jetpack_sharing_enabled":true,"jetpack_featured_media_url":"","_links":{"self":[{"href":"https:\/\/www.oparanews.com.br\/index.php\/wp-json\/wp\/v2\/posts\/9807","targetHints":{"allow":["GET"]}}],"collection":[{"href":"https:\/\/www.oparanews.com.br\/index.php\/wp-json\/wp\/v2\/posts"}],"about":[{"href":"https:\/\/www.oparanews.com.br\/index.php\/wp-json\/wp\/v2\/types\/post"}],"author":[{"embeddable":true,"href":"https:\/\/www.oparanews.com.br\/index.php\/wp-json\/wp\/v2\/users\/1"}],"replies":[{"embeddable":true,"href":"https:\/\/www.oparanews.com.br\/index.php\/wp-json\/wp\/v2\/comments?post=9807"}],"version-history":[{"count":0,"href":"https:\/\/www.oparanews.com.br\/index.php\/wp-json\/wp\/v2\/posts\/9807\/revisions"}],"wp:attachment":[{"href":"https:\/\/www.oparanews.com.br\/index.php\/wp-json\/wp\/v2\/media?parent=9807"}],"wp:term":[{"taxonomy":"category","embeddable":true,"href":"https:\/\/www.oparanews.com.br\/index.php\/wp-json\/wp\/v2\/categories?post=9807"},{"taxonomy":"post_tag","embeddable":true,"href":"https:\/\/www.oparanews.com.br\/index.php\/wp-json\/wp\/v2\/tags?post=9807"}],"curies":[{"name":"wp","href":"https:\/\/api.w.org\/{rel}","templated":true}]}}