{"id":9810,"date":"2020-10-02T17:35:45","date_gmt":"2020-10-02T17:35:45","guid":{"rendered":"https:\/\/oparanews.com.br\/?p=9810"},"modified":"2020-10-02T17:35:45","modified_gmt":"2020-10-02T17:35:45","slug":"sindspem-convoca-servidores-da-saude-para-assembleia-nos-dias-5-e-6","status":"publish","type":"post","link":"https:\/\/www.oparanews.com.br\/index.php\/2020\/10\/02\/sindspem-convoca-servidores-da-saude-para-assembleia-nos-dias-5-e-6\/","title":{"rendered":"SINDSPEM convoca servidores da Sa\u00fade para Assembleia nos dias 5 e 6"},"content":{"rendered":"<p><strong><a href=\"https:\/\/oparanews.com.br\/wp-content\/uploads\/2020\/10\/IMG-20201001-WA0237.jpg\"><img loading=\"lazy\" decoding=\"async\" class=\"alignleft size-medium wp-image-9815\" src=\"https:\/\/oparanews.com.br\/wp-content\/uploads\/2020\/10\/IMG-20201001-WA0237-216x300.jpg\" alt=\"\" width=\"216\" height=\"300\" \/><\/a>CONVOCA\u00c7\u00c3O 01<\/strong><\/p>\n<p>O Presidente do Sindicato dos Servidores P\u00fablicos Municipais de Penedo, no uso das atribui\u00e7\u00f5es conferidas no Estatuto, convoca todos os Servidores Efetivos da Secretaria Municipal de Sa\u00fade (com exce\u00e7\u00e3o dos ACS&#8217;s e ACE&#8217;s) para uma Assembleia Geral Extraordin\u00e1ria a realizar-se na pr\u00f3xima segunda-feira, 05, \u00e0s 14h30, com a seguinte pauta:<\/p>\n<p>1. Informes;<br \/>\n2. Aprecia\u00e7\u00e3o do Projeto de Lei do Plano de Cargos, Carreiras e Vencimentos dos Servidores da Administra\u00e7\u00e3o Geral do Munic\u00edpio de Penedo;<br \/>\n3. O que ocorrer.<\/p>\n<p>&nbsp;<\/p>\n<p><strong>CONVOCA\u00c7\u00c3O 02<\/strong><\/p>\n<p><a href=\"https:\/\/oparanews.com.br\/wp-content\/uploads\/2020\/10\/IMG-20201001-WA0238.jpg\"><img loading=\"lazy\" decoding=\"async\" class=\"alignleft size-medium wp-image-9813\" src=\"https:\/\/oparanews.com.br\/wp-content\/uploads\/2020\/10\/IMG-20201001-WA0238-216x300.jpg\" alt=\"\" width=\"216\" height=\"300\" \/><\/a>O Presidente do Sindicato dos Servidores P\u00fablicos Municipais de Penedo, no uso das atribui\u00e7\u00f5es conferidas no Estatuto, convoca todos os agentes Agentes Comunit\u00e1rios de Sa\u00fade (ACS&#8217;s) e Agentes de Combate \u00e0s Endemias (ACE&#8217;s) para uma Assembleia Geral Extraordin\u00e1ria a realizar-se na pr\u00f3xima ter\u00e7a-feira, 06, \u00e0s 09h30, com a seguinte pauta:<\/p>\n<p>1. Informes;<br \/>\n2. Aprecia\u00e7\u00e3o do Projeto de Lei do Plano de Cargos, Carreiras e Vencimentos dos Agentes Comunit\u00e1rios de Sa\u00fade (ACS&#8217;s) e Agentes de Combate \u00e0s Endemias (ACE&#8217;s);<br \/>\n3. O que ocorrer.<\/p>\n<p>&nbsp;<\/p>\n<p><strong>Com Assessoria<\/strong><\/p>\n<p>&nbsp;<\/p>\n","protected":false},"excerpt":{"rendered":"<p>CONVOCA\u00c7\u00c3O 01 O Presidente do Sindicato dos Servidores P\u00fablicos Municipais de Penedo, no uso das atribui\u00e7\u00f5es conferidas no Estatuto, convoca todos os Servidores Efetivos da Secretaria Municipal de Sa\u00fade (com exce\u00e7\u00e3o dos ACS&#8217;s e ACE&#8217;s) para uma Assembleia Geral Extraordin\u00e1ria a realizar-se na pr\u00f3xima segunda-feira, 05, \u00e0s 14h30, com a seguinte pauta: 1. Informes; 2. &hellip;<\/p>\n","protected":false},"author":1,"featured_media":9811,"comment_status":"open","ping_status":"open","sticky":false,"template":"","format":"standard","meta":{"_jetpack_newsletter_access":"","_jetpack_dont_email_post_to_subs":false,"_jetpack_newsletter_tier_id":0,"_jetpack_memberships_contains_paywalled_content":false,"_jetpack_memberships_contains_paid_content":false,"footnotes":""},"categories":[1],"tags":[],"class_list":["post-9810","post","type-post","status-publish","format-standard","has-post-thumbnail","hentry","category-destaque"],"jetpack_sharing_enabled":true,"jetpack_featured_media_url":"","_links":{"self":[{"href":"https:\/\/www.oparanews.com.br\/index.php\/wp-json\/wp\/v2\/posts\/9810","targetHints":{"allow":["GET"]}}],"collection":[{"href":"https:\/\/www.oparanews.com.br\/index.php\/wp-json\/wp\/v2\/posts"}],"about":[{"href":"https:\/\/www.oparanews.com.br\/index.php\/wp-json\/wp\/v2\/types\/post"}],"author":[{"embeddable":true,"href":"https:\/\/www.oparanews.com.br\/index.php\/wp-json\/wp\/v2\/users\/1"}],"replies":[{"embeddable":true,"href":"https:\/\/www.oparanews.com.br\/index.php\/wp-json\/wp\/v2\/comments?post=9810"}],"version-history":[{"count":0,"href":"https:\/\/www.oparanews.com.br\/index.php\/wp-json\/wp\/v2\/posts\/9810\/revisions"}],"wp:attachment":[{"href":"https:\/\/www.oparanews.com.br\/index.php\/wp-json\/wp\/v2\/media?parent=9810"}],"wp:term":[{"taxonomy":"category","embeddable":true,"href":"https:\/\/www.oparanews.com.br\/index.php\/wp-json\/wp\/v2\/categories?post=9810"},{"taxonomy":"post_tag","embeddable":true,"href":"https:\/\/www.oparanews.com.br\/index.php\/wp-json\/wp\/v2\/tags?post=9810"}],"curies":[{"name":"wp","href":"https:\/\/api.w.org\/{rel}","templated":true}]}}