{"id":9818,"date":"2020-10-02T17:42:00","date_gmt":"2020-10-02T17:42:00","guid":{"rendered":"https:\/\/oparanews.com.br\/?p=9818"},"modified":"2020-10-02T17:42:00","modified_gmt":"2020-10-02T17:42:00","slug":"plano-de-volta-as-aulas-presenciais-em-al-ainda-nao-esta-definido","status":"publish","type":"post","link":"https:\/\/www.oparanews.com.br\/index.php\/2020\/10\/02\/plano-de-volta-as-aulas-presenciais-em-al-ainda-nao-esta-definido\/","title":{"rendered":"Plano de volta \u00e0s aulas presenciais em AL ainda n\u00e3o est\u00e1 definido"},"content":{"rendered":"<p>O Governo do Estado ainda n\u00e3o apresentou o plano para retomada gradativa das aulas presenciais nas redes p\u00fablica e privada de ensino, suspensas desde mar\u00e7o por causa da pandemia do coronav\u00edrus. A expectativa era de que isso fosse feito at\u00e9 a quarta-feira (30), conforme anunciou o governador Renan Filho em sua \u00faltima entrevista coletiva \u00e0 imprensa.<\/p>\n<p>Durante a explica\u00e7\u00e3o da mudan\u00e7a do estado para a Fase Azul do Distanciamento Social Controlado, o governador afirmou que a retomada estava sendo discutida e que um plano seria apresentado at\u00e9 o final de setembro para come\u00e7ar a retomada por cursos profissionalizantes, cursinhos pr\u00e9-vestibular, ensino superior e cursos espec\u00edficos, de l\u00ednguas ou mat\u00e9rias pontuais que tenham um n\u00famero menor de alunos.<\/p>\n<p>O G1 entrou em contado com a Secretaria de Estado da Educa\u00e7\u00e3o (Seduc) e foi informado de que n\u00e3o h\u00e1 nenhuma novidade e que o plano de volta \u00e0s aulas presencias segue em discuss\u00e3o.<\/p>\n<p>J\u00e1 a Secretaria de Estado da Sa\u00fade (Sesau) informou que existe um grupo de trabalho no governo que re\u00fane Gabinete do Governador, Gabinete Civil, Seduc, Sesau e Secretaria de Estado do Desenvolvimento Econ\u00f4mico e Turismo de Alagoas (Sedetur) sobre as defini\u00e7\u00f5es das pr\u00f3ximas etapas do distanciamento social controlado, mas que n\u00e3o \u00e9 a Sesau quem define ou coordena o avan\u00e7o nem as permiss\u00f5es.<\/p>\n<p>A suspens\u00e3o das aulas presenciais foi determinada pelo governo de Alagoas como forma de evitar o cont\u00e1gio pelo coronav\u00edrus entre alunos e professores. Em Macei\u00f3, as aulas foram suspensas quando Alagoas tinha 1 caso confirmado e 16 casos suspeitos, no mesmo dia a Prefeitura de Macei\u00f3 decretou estado de emerg\u00eancia em sa\u00fade p\u00fablica em decorr\u00eancia da pandemia.<\/p>\n<p>Seguindo a mesma recomenda\u00e7\u00e3o as escolas privadas anteciparam o recesso escolar do meio do ano para mar\u00e7o e desde ent\u00e3o, mais de 300 escolas da capital est\u00e3o sem aulas segundo o Sindicato das Escolas Particulares.<\/p>\n<p>O governador Renan Filho afirmou que a discuss\u00e3o para retomada das aulas levaria em considera\u00e7\u00e3o tamb\u00e9m o plano de seguran\u00e7a apresentado pelas escolas particulares.<\/p>\n<p>&nbsp;<\/p>\n<p><strong>Fonte: G1\/AL<\/strong><\/p>\n<p>&nbsp;<\/p>\n","protected":false},"excerpt":{"rendered":"<p>O Governo do Estado ainda n\u00e3o apresentou o plano para retomada gradativa das aulas presenciais nas redes p\u00fablica e privada de ensino, suspensas desde mar\u00e7o por causa da pandemia do coronav\u00edrus. A expectativa era de que isso fosse feito at\u00e9 a quarta-feira (30), conforme anunciou o governador Renan Filho em sua \u00faltima entrevista coletiva \u00e0 &hellip;<\/p>\n","protected":false},"author":1,"featured_media":9819,"comment_status":"open","ping_status":"open","sticky":false,"template":"","format":"standard","meta":{"_jetpack_newsletter_access":"","_jetpack_dont_email_post_to_subs":false,"_jetpack_newsletter_tier_id":0,"_jetpack_memberships_contains_paywalled_content":false,"_jetpack_memberships_contains_paid_content":false,"footnotes":""},"categories":[1],"tags":[],"class_list":["post-9818","post","type-post","status-publish","format-standard","has-post-thumbnail","hentry","category-destaque"],"jetpack_sharing_enabled":true,"jetpack_featured_media_url":"","_links":{"self":[{"href":"https:\/\/www.oparanews.com.br\/index.php\/wp-json\/wp\/v2\/posts\/9818","targetHints":{"allow":["GET"]}}],"collection":[{"href":"https:\/\/www.oparanews.com.br\/index.php\/wp-json\/wp\/v2\/posts"}],"about":[{"href":"https:\/\/www.oparanews.com.br\/index.php\/wp-json\/wp\/v2\/types\/post"}],"author":[{"embeddable":true,"href":"https:\/\/www.oparanews.com.br\/index.php\/wp-json\/wp\/v2\/users\/1"}],"replies":[{"embeddable":true,"href":"https:\/\/www.oparanews.com.br\/index.php\/wp-json\/wp\/v2\/comments?post=9818"}],"version-history":[{"count":0,"href":"https:\/\/www.oparanews.com.br\/index.php\/wp-json\/wp\/v2\/posts\/9818\/revisions"}],"wp:attachment":[{"href":"https:\/\/www.oparanews.com.br\/index.php\/wp-json\/wp\/v2\/media?parent=9818"}],"wp:term":[{"taxonomy":"category","embeddable":true,"href":"https:\/\/www.oparanews.com.br\/index.php\/wp-json\/wp\/v2\/categories?post=9818"},{"taxonomy":"post_tag","embeddable":true,"href":"https:\/\/www.oparanews.com.br\/index.php\/wp-json\/wp\/v2\/tags?post=9818"}],"curies":[{"name":"wp","href":"https:\/\/api.w.org\/{rel}","templated":true}]}}