{"id":9824,"date":"2020-10-02T18:06:11","date_gmt":"2020-10-02T18:06:11","guid":{"rendered":"https:\/\/oparanews.com.br\/?p=9824"},"modified":"2020-10-02T18:06:11","modified_gmt":"2020-10-02T18:06:11","slug":"sp-envia-a-anvisa-documento-para-registrar-vacina-diz-doria","status":"publish","type":"post","link":"https:\/\/www.oparanews.com.br\/index.php\/2020\/10\/02\/sp-envia-a-anvisa-documento-para-registrar-vacina-diz-doria\/","title":{"rendered":"SP envia \u00e0 Anvisa documento para registrar vacina, diz Doria"},"content":{"rendered":"<p>O governo do Estado de S\u00e3o Paulo enviou documentos \u00e0 Ag\u00eancia Nacional de Vigil\u00e2ncia Sanit\u00e1ria para o registro da potencial vacina contra Covid-19 desenvolvida pela empresa chinesa Sinovac e que est\u00e1 sendo testada no Brasil em estudo liderado pelo Instituto Butantan, disse nesta sexta-feira o governador do Estado, Jo\u00e3o Doria (PSDB).<\/p>\n<p>&#8220;O governo do Estado de S\u00e3o Paulo registrou na Anvisa documenta\u00e7\u00e3o da vacina CoronaVac para a an\u00e1lise da Ag\u00eancia Nacional de Vigil\u00e2ncia Sanit\u00e1ria e obten\u00e7\u00e3o do seu registro. A Anvisa recebeu atrav\u00e9s da plataforma digital, criada para agilizar o procedimento de registro das vacinas, n\u00e3o apenas da CoronaVac&#8221;, disse Doria em entrevista coletiva no Pal\u00e1cio dos Bandeirantes, sede do governo paulista.<\/p>\n<p>&#8220;O objetivo \u00e9 tornar o mais r\u00e1pido poss\u00edvel, dentro das normas cient\u00edficas e do protocolo da Anvisa, o processo de registro da CoronaVac, uma das vacinas mais promissoras na sua \u00faltima etapa de testagem em todo o mundo&#8221;, acrescentou.<\/p>\n<p>&nbsp;<\/p>\n<p><strong>Fonte: Terra<\/strong><\/p>\n<p>&nbsp;<\/p>\n","protected":false},"excerpt":{"rendered":"<p>O governo do Estado de S\u00e3o Paulo enviou documentos \u00e0 Ag\u00eancia Nacional de Vigil\u00e2ncia Sanit\u00e1ria para o registro da potencial vacina contra Covid-19 desenvolvida pela empresa chinesa Sinovac e que est\u00e1 sendo testada no Brasil em estudo liderado pelo Instituto Butantan, disse nesta sexta-feira o governador do Estado, Jo\u00e3o Doria (PSDB). &#8220;O governo do Estado &hellip;<\/p>\n","protected":false},"author":1,"featured_media":9825,"comment_status":"open","ping_status":"open","sticky":false,"template":"","format":"standard","meta":{"_jetpack_memberships_contains_paid_content":false,"footnotes":""},"categories":[1],"tags":[],"class_list":["post-9824","post","type-post","status-publish","format-standard","has-post-thumbnail","hentry","category-destaque"],"jetpack_featured_media_url":"","jetpack_sharing_enabled":true,"_links":{"self":[{"href":"https:\/\/www.oparanews.com.br\/index.php\/wp-json\/wp\/v2\/posts\/9824","targetHints":{"allow":["GET"]}}],"collection":[{"href":"https:\/\/www.oparanews.com.br\/index.php\/wp-json\/wp\/v2\/posts"}],"about":[{"href":"https:\/\/www.oparanews.com.br\/index.php\/wp-json\/wp\/v2\/types\/post"}],"author":[{"embeddable":true,"href":"https:\/\/www.oparanews.com.br\/index.php\/wp-json\/wp\/v2\/users\/1"}],"replies":[{"embeddable":true,"href":"https:\/\/www.oparanews.com.br\/index.php\/wp-json\/wp\/v2\/comments?post=9824"}],"version-history":[{"count":0,"href":"https:\/\/www.oparanews.com.br\/index.php\/wp-json\/wp\/v2\/posts\/9824\/revisions"}],"wp:featuredmedia":[{"embeddable":true,"href":"https:\/\/www.oparanews.com.br\/index.php\/wp-json\/"}],"wp:attachment":[{"href":"https:\/\/www.oparanews.com.br\/index.php\/wp-json\/wp\/v2\/media?parent=9824"}],"wp:term":[{"taxonomy":"category","embeddable":true,"href":"https:\/\/www.oparanews.com.br\/index.php\/wp-json\/wp\/v2\/categories?post=9824"},{"taxonomy":"post_tag","embeddable":true,"href":"https:\/\/www.oparanews.com.br\/index.php\/wp-json\/wp\/v2\/tags?post=9824"}],"curies":[{"name":"wp","href":"https:\/\/api.w.org\/{rel}","templated":true}]}}