{"id":9844,"date":"2020-10-05T13:27:38","date_gmt":"2020-10-05T13:27:38","guid":{"rendered":"https:\/\/oparanews.com.br\/?p=9844"},"modified":"2020-10-05T13:27:38","modified_gmt":"2020-10-05T13:27:38","slug":"motorista-e-preso-com-6-kg-de-cocaina-em-rio-largo","status":"publish","type":"post","link":"https:\/\/www.oparanews.com.br\/index.php\/2020\/10\/05\/motorista-e-preso-com-6-kg-de-cocaina-em-rio-largo\/","title":{"rendered":"Motorista \u00e9 preso com 6 kg de coca\u00edna em Rio Largo"},"content":{"rendered":"<p>Um motorista foi preso na noite de domingo (4) com 6,4 kg de coca\u00edna em Rio Largo, regi\u00e3o metropolitana de Macei\u00f3.<\/p>\n<p>De acordo com militares do 8\u00ba Batalh\u00e3o, o condutor de 26 anos dirigia uma Fiat Toro de cor branca. A Pol\u00edcia tentou fazer a abordagem, mas ele acelerou e tentou fugir. Na fuga, ele jogou um balde pela janela.<\/p>\n<p>Minutos depois, ele abandonou o ve\u00edculo e tentou fugir a p\u00e9, mas foi alcan\u00e7ado pelos policiais. Dentro do balde havia quase 6,5 kg de coca\u00edna.<\/p>\n<p>Al\u00e9m da droga, os policiais encontram com ele R$ 136,00 e um celular. O homem se queixou de dores nas pernas e foi levado para o hospital e, ap\u00f3s atendimento m\u00e9dico, foi conduzido para a Central de Flagrantes I, no bairro do Farol, onde foi autuado por tr\u00e1fico de drogas.<\/p>\n<p>&nbsp;<\/p>\n<p><strong>Fonte: G1\/AL<\/strong><\/p>\n<p>&nbsp;<\/p>\n","protected":false},"excerpt":{"rendered":"<p>Um motorista foi preso na noite de domingo (4) com 6,4 kg de coca\u00edna em Rio Largo, regi\u00e3o metropolitana de Macei\u00f3. De acordo com militares do 8\u00ba Batalh\u00e3o, o condutor de 26 anos dirigia uma Fiat Toro de cor branca. A Pol\u00edcia tentou fazer a abordagem, mas ele acelerou e tentou fugir. Na fuga, ele &hellip;<\/p>\n","protected":false},"author":1,"featured_media":9845,"comment_status":"open","ping_status":"open","sticky":false,"template":"","format":"standard","meta":{"_jetpack_memberships_contains_paid_content":false,"footnotes":""},"categories":[1],"tags":[],"class_list":["post-9844","post","type-post","status-publish","format-standard","has-post-thumbnail","hentry","category-destaque"],"jetpack_featured_media_url":"","jetpack_sharing_enabled":true,"_links":{"self":[{"href":"https:\/\/www.oparanews.com.br\/index.php\/wp-json\/wp\/v2\/posts\/9844","targetHints":{"allow":["GET"]}}],"collection":[{"href":"https:\/\/www.oparanews.com.br\/index.php\/wp-json\/wp\/v2\/posts"}],"about":[{"href":"https:\/\/www.oparanews.com.br\/index.php\/wp-json\/wp\/v2\/types\/post"}],"author":[{"embeddable":true,"href":"https:\/\/www.oparanews.com.br\/index.php\/wp-json\/wp\/v2\/users\/1"}],"replies":[{"embeddable":true,"href":"https:\/\/www.oparanews.com.br\/index.php\/wp-json\/wp\/v2\/comments?post=9844"}],"version-history":[{"count":0,"href":"https:\/\/www.oparanews.com.br\/index.php\/wp-json\/wp\/v2\/posts\/9844\/revisions"}],"wp:featuredmedia":[{"embeddable":true,"href":"https:\/\/www.oparanews.com.br\/index.php\/wp-json\/"}],"wp:attachment":[{"href":"https:\/\/www.oparanews.com.br\/index.php\/wp-json\/wp\/v2\/media?parent=9844"}],"wp:term":[{"taxonomy":"category","embeddable":true,"href":"https:\/\/www.oparanews.com.br\/index.php\/wp-json\/wp\/v2\/categories?post=9844"},{"taxonomy":"post_tag","embeddable":true,"href":"https:\/\/www.oparanews.com.br\/index.php\/wp-json\/wp\/v2\/tags?post=9844"}],"curies":[{"name":"wp","href":"https:\/\/api.w.org\/{rel}","templated":true}]}}