{"id":9847,"date":"2020-10-05T13:45:03","date_gmt":"2020-10-05T13:45:03","guid":{"rendered":"https:\/\/oparanews.com.br\/?p=9847"},"modified":"2020-10-05T13:45:03","modified_gmt":"2020-10-05T13:45:03","slug":"bolsonaro-e-chamado-de-traidor-apos-abraco-em-toffoli","status":"publish","type":"post","link":"https:\/\/www.oparanews.com.br\/index.php\/2020\/10\/05\/bolsonaro-e-chamado-de-traidor-apos-abraco-em-toffoli\/","title":{"rendered":"Bolsonaro \u00e9 chamado de &#8220;traidor&#8221; ap\u00f3s abra\u00e7o em Toffoli"},"content":{"rendered":"<p>A ala mais conservadora do eleitorado do presidente Jair Bolsonaro segue protestando contra a indica\u00e7\u00e3o de Kassio Marques para o Supremo Tribunal Federal (STF). De acordo com os apoiadores do presidente, o desembargador seria &#8220;de esquerda&#8221;. A escolha, que teve a ben\u00e7\u00e3o do Centr\u00e3o, desagradou diversas alas do governo, como militares e evang\u00e9licos.<\/p>\n<p>Um jantar reunindo Bolsonaro e Marques na casa do ministro do STF, Dias Toffoli, na noite deste s\u00e1bado (3) voltou a despertar a ira de parte do eleitorado nas redes sociais. Ex-presidente do Supremo, Toffoli \u00e9 uma das figuras mais criticadas pelo bolsonarismo, por conta de seu passado como advogado do PT e advogado-geral da Uni\u00e3o durante o governo Lula.<\/p>\n<p>Uma foto que mostra um abra\u00e7o entre Toffoli e Bolsonaro viralizou nas redes sociais e inspirou o hashtag &#8220;#BolsonaroTraidor&#8221;, que j\u00e1 uma das mais utilizadas no Twitter neste domingo. Nas postagens, pessoas que se dizem apoiadores do presidente se dizem decepcionados com a aproxima\u00e7\u00e3o do capit\u00e3o da reserva com o Supremo e o Congresso e com a falta de apoio \u00e0 Opera\u00e7\u00e3o Lava Jato.<\/p>\n<p>Presidente j\u00e1 havia sido chamado de &#8220;petista&#8221;<\/p>\n<p>O movimento Vem Pra Rua, que apoiou Bolsonaro nas elei\u00e7\u00f5es em 2018, impulsionou, na \u00faltima sexta-feira (2), a hashtag #BolsonaroPetista por meio de um v\u00eddeo que lamenta a escolha e acusa o mandat\u00e1rio de tomar decis\u00f5es que lembram os governos do PT. Horas depois da divulga\u00e7\u00e3o desse conte\u00fado, a hashtag alcan\u00e7ou o primeiro lugar entre os assuntos mais comentados no Twitter.<\/p>\n<p>Na mesma linha, tamb\u00e9m se manifestaram contr\u00e1rios \u00e0 decis\u00e3o o l\u00edder, Paulo Ganime (NOVO-RJ), e vice-l\u00edder, Marcel van Hattem (NOVO-RS), do partido Novo, na C\u00e2mara. O deputado federal S\u00f3stenes Cavalcante (DEM-RJ), ligado \u00e0 igreja evang\u00e9lica Assembleia de Deus, disse que o presidente desperdi\u00e7ou metade de suas decis\u00f5es voltadas ao Judici\u00e1rio em seu mandato. Em 2021, Bolsonaro ter\u00e1 nova vaga aberta no STF para indicar um novo ministro ap\u00f3s a sa\u00edda de Marco Aur\u00e9lio Mello.<\/p>\n<p>A frustra\u00e7\u00e3o do deputado S\u00f3stenes \u00e9 reverberada por praticamente todas as lideran\u00e7as evang\u00e9licas, que apoiam Bolsonaro. Em 2019, o presidente havia prometido nomear algu\u00e9m &#8220;terrivelmente evang\u00e9lico&#8221; \u00e0 Suprema Corte, o que n\u00e3o foi concretizado, ao menos nesta primeira indica\u00e7\u00e3o de Bolsonaro. Antes mesmo da confirma\u00e7\u00e3o de Kassio Marques para a vaga, o l\u00edder da igreja Assembleia de Deus Vit\u00f3ria em Cristo, Silas Malafaia, iniciou uma campanha contra a indica\u00e7\u00e3o em suas redes sociais.<\/p>\n<p>Nesta quinta-feira, 1\u00ba, o pastor publicou um v\u00eddeo afirmando ser &#8220;aliado de Bolsonaro, mas n\u00e3o alienado&#8221;, e criticou Marques por suas supostas liga\u00e7\u00f5es com o Centr\u00e3o e o governo da petista Dilma Rousseff. Hoje, Malafaia seguiu atacando a escolha de Bolsonaro. &#8220;O PT, toda esquerda, o Centr\u00e3o, os corruptos e todos os que s\u00e3o contra a Lava Jato agradecem a nomea\u00e7\u00e3o de Bolsonaro para o STF&#8221;, publicou o pastor.<\/p>\n<p>Bolsonaro respondeu \u00e0s cr\u00edticas de Malafaia na manh\u00e3 de hoje, em conversa com apoiadores. &#8220;Lamento muito que uma autoridade l\u00e1 do Rio de Janeiro, que eu prezava muito, est\u00e1 me criticando muito, com videozinho me xingando de tudo o que \u00e9 coisa. Essa inf\u00e2mia em especial que essa autoridade l\u00e1 do Rio de Janeiro est\u00e1 fazendo contra o Kassio \u00e9 uma covardia. At\u00e9 porque ele est\u00e1 fazendo isso porque queria que eu colocasse um indicado por ele&#8221;. Malafaia, por sua vez, rebateu alegando que l\u00edderes religiosos e a Frente Parlamentar Evang\u00e9lica da C\u00e2mara &#8220;jamais pediram alguma nomea\u00e7\u00e3o para o STF&#8221;.<\/p>\n<p>&nbsp;<\/p>\n<p><strong>* Com informa\u00e7\u00f5es da Ag\u00eancia Estado<\/strong><\/p>\n<p>&nbsp;<\/p>\n","protected":false},"excerpt":{"rendered":"<p>A ala mais conservadora do eleitorado do presidente Jair Bolsonaro segue protestando contra a indica\u00e7\u00e3o de Kassio Marques para o Supremo Tribunal Federal (STF). De acordo com os apoiadores do presidente, o desembargador seria &#8220;de esquerda&#8221;. A escolha, que teve a ben\u00e7\u00e3o do Centr\u00e3o, desagradou diversas alas do governo, como militares e evang\u00e9licos. Um jantar &hellip;<\/p>\n","protected":false},"author":1,"featured_media":9848,"comment_status":"open","ping_status":"open","sticky":false,"template":"","format":"standard","meta":{"_jetpack_newsletter_access":"","_jetpack_dont_email_post_to_subs":false,"_jetpack_newsletter_tier_id":0,"_jetpack_memberships_contains_paywalled_content":false,"_jetpack_memberships_contains_paid_content":false,"footnotes":""},"categories":[1],"tags":[],"class_list":["post-9847","post","type-post","status-publish","format-standard","has-post-thumbnail","hentry","category-destaque"],"jetpack_sharing_enabled":true,"jetpack_featured_media_url":"","_links":{"self":[{"href":"https:\/\/www.oparanews.com.br\/index.php\/wp-json\/wp\/v2\/posts\/9847","targetHints":{"allow":["GET"]}}],"collection":[{"href":"https:\/\/www.oparanews.com.br\/index.php\/wp-json\/wp\/v2\/posts"}],"about":[{"href":"https:\/\/www.oparanews.com.br\/index.php\/wp-json\/wp\/v2\/types\/post"}],"author":[{"embeddable":true,"href":"https:\/\/www.oparanews.com.br\/index.php\/wp-json\/wp\/v2\/users\/1"}],"replies":[{"embeddable":true,"href":"https:\/\/www.oparanews.com.br\/index.php\/wp-json\/wp\/v2\/comments?post=9847"}],"version-history":[{"count":0,"href":"https:\/\/www.oparanews.com.br\/index.php\/wp-json\/wp\/v2\/posts\/9847\/revisions"}],"wp:attachment":[{"href":"https:\/\/www.oparanews.com.br\/index.php\/wp-json\/wp\/v2\/media?parent=9847"}],"wp:term":[{"taxonomy":"category","embeddable":true,"href":"https:\/\/www.oparanews.com.br\/index.php\/wp-json\/wp\/v2\/categories?post=9847"},{"taxonomy":"post_tag","embeddable":true,"href":"https:\/\/www.oparanews.com.br\/index.php\/wp-json\/wp\/v2\/tags?post=9847"}],"curies":[{"name":"wp","href":"https:\/\/api.w.org\/{rel}","templated":true}]}}