{"id":9862,"date":"2020-10-05T14:11:59","date_gmt":"2020-10-05T14:11:59","guid":{"rendered":"https:\/\/oparanews.com.br\/?p=9862"},"modified":"2020-10-05T14:11:59","modified_gmt":"2020-10-05T14:11:59","slug":"tais-araujo-revela-que-pensou-em-morar-sem-lazaro-ramos","status":"publish","type":"post","link":"https:\/\/www.oparanews.com.br\/index.php\/2020\/10\/05\/tais-araujo-revela-que-pensou-em-morar-sem-lazaro-ramos\/","title":{"rendered":"Ta\u00eds Ara\u00fajo revela que pensou em morar sem L\u00e1zaro Ramos"},"content":{"rendered":"<p>A quarentena por conta da pandemia do novo coronav\u00edrus n\u00e3o foi um momento f\u00e1cil para ningu\u00e9m. Os famosos tamb\u00e9m n\u00e3o escaparam disso.<\/p>\n<p>Em entrevista para a \u00c9poca, Tais Ara\u00fajo comentou sobre o lado bom de ter passado tanto tempo em casa ao lado do marido L\u00e1zaro Ramos e dos filhos Jo\u00e3o Vicente, de nove anos, e Maria Ant\u00f4nia, de cinco.<\/p>\n<p>&#8220;Claro que foi cansativo, desafiador, n\u00e3o foram s\u00f3 momentos bons. Mas, cara, tive a chance de conhecer meus filhos. Conhecer verdadeiramente. E isso tem um valor. Nem nossos pais tiveram essa oportunidade de perceber t\u00e3o de perto&#8221;, disse ela.<\/p>\n<p>Volta ao trabalhoAs grava\u00e7\u00f5es de Amor de M\u00e3e, da Rede Globo, foram retomadas recentemente e a atriz contou qual foi a rea\u00e7\u00e3o dos filhos com a not\u00edcia.<\/p>\n<p>&#8220;Quando falei &#8216;vou trabalhar&#8217;, minha filha veio e me abra\u00e7ou. Pensei: &#8216;Agora ferrou, ela vai chorar&#8217;. Mas ela disse: &#8216;Eu te desejo boa sorte&#8217;. Acho que eles n\u00e3o me aguentavam mais, \u00e9 muito tempo junto&#8221;, disse ela, aos risos.<\/p>\n<p>Casamento<\/p>\n<p>Durante a conversa, Tais contou que enfrentou momentos dif\u00edceis com o marido L\u00e1zaro Ramos. A artista chegou at\u00e9 mesmo a procurar casas para morar sem o ator.<\/p>\n<p>&#8220;J\u00e1 estava at\u00e9 vendo casa para morar, imaginando eu e meus filhos, guarda compartilhada. Pensei nisso? Pensei mesmo! Em como seria nossa vida. E tamb\u00e9m em &#8216;ser\u00e1 que vou bancar essa?&#8217;. Casal com filho na quarentena real, sem nenhum funcion\u00e1rio&#8230; Estava dif\u00edcil mesmo. N\u00e3o era um desejo real de querer separar, era o de ter um tempo para mim&#8221;, contou.<\/p>\n<p>Vida sexual<\/p>\n<p>Durante o per\u00edodo dif\u00edcil, a vida sexual ficou em segundo plano e o casal est\u00e1 tentando recuperar os momentos a dois.<\/p>\n<p>&#8220;Rolou uma vez ou outra, naquele &#8216;fecha a porta, rapidinho&#8217;. Amor, se algum casal trepou loucamente nesta quarentena, me diz. Quero saber qual foi a medica\u00e7\u00e3o. A quarentena n\u00e3o \u00e9 o momento mais f\u00e9rtil, e tudo bem. A gente ganha outras coisas. Enquanto fam\u00edlia, ganhamos muito&#8221;, concluiu.<\/p>\n<p>&nbsp;<\/p>\n<p><strong>Fonte: O Fuxico<\/strong><\/p>\n<p>&nbsp;<\/p>\n","protected":false},"excerpt":{"rendered":"<p>A quarentena por conta da pandemia do novo coronav\u00edrus n\u00e3o foi um momento f\u00e1cil para ningu\u00e9m. Os famosos tamb\u00e9m n\u00e3o escaparam disso. Em entrevista para a \u00c9poca, Tais Ara\u00fajo comentou sobre o lado bom de ter passado tanto tempo em casa ao lado do marido L\u00e1zaro Ramos e dos filhos Jo\u00e3o Vicente, de nove anos, &hellip;<\/p>\n","protected":false},"author":1,"featured_media":9863,"comment_status":"open","ping_status":"open","sticky":false,"template":"","format":"standard","meta":{"_jetpack_newsletter_access":"","_jetpack_dont_email_post_to_subs":false,"_jetpack_newsletter_tier_id":0,"_jetpack_memberships_contains_paywalled_content":false,"_jetpack_memberships_contains_paid_content":false,"footnotes":""},"categories":[1],"tags":[],"class_list":["post-9862","post","type-post","status-publish","format-standard","has-post-thumbnail","hentry","category-destaque"],"jetpack_sharing_enabled":true,"jetpack_featured_media_url":"","_links":{"self":[{"href":"https:\/\/www.oparanews.com.br\/index.php\/wp-json\/wp\/v2\/posts\/9862","targetHints":{"allow":["GET"]}}],"collection":[{"href":"https:\/\/www.oparanews.com.br\/index.php\/wp-json\/wp\/v2\/posts"}],"about":[{"href":"https:\/\/www.oparanews.com.br\/index.php\/wp-json\/wp\/v2\/types\/post"}],"author":[{"embeddable":true,"href":"https:\/\/www.oparanews.com.br\/index.php\/wp-json\/wp\/v2\/users\/1"}],"replies":[{"embeddable":true,"href":"https:\/\/www.oparanews.com.br\/index.php\/wp-json\/wp\/v2\/comments?post=9862"}],"version-history":[{"count":0,"href":"https:\/\/www.oparanews.com.br\/index.php\/wp-json\/wp\/v2\/posts\/9862\/revisions"}],"wp:attachment":[{"href":"https:\/\/www.oparanews.com.br\/index.php\/wp-json\/wp\/v2\/media?parent=9862"}],"wp:term":[{"taxonomy":"category","embeddable":true,"href":"https:\/\/www.oparanews.com.br\/index.php\/wp-json\/wp\/v2\/categories?post=9862"},{"taxonomy":"post_tag","embeddable":true,"href":"https:\/\/www.oparanews.com.br\/index.php\/wp-json\/wp\/v2\/tags?post=9862"}],"curies":[{"name":"wp","href":"https:\/\/api.w.org\/{rel}","templated":true}]}}