{"id":9865,"date":"2020-10-05T14:14:21","date_gmt":"2020-10-05T14:14:21","guid":{"rendered":"https:\/\/oparanews.com.br\/?p=9865"},"modified":"2020-10-05T14:14:21","modified_gmt":"2020-10-05T14:14:21","slug":"ana-maria-braga-celebra-retorno-do-mais-voce-com-look-retro","status":"publish","type":"post","link":"https:\/\/www.oparanews.com.br\/index.php\/2020\/10\/05\/ana-maria-braga-celebra-retorno-do-mais-voce-com-look-retro\/","title":{"rendered":"Ana Maria Braga celebra retorno do \u2018Mais Voc\u00ea\u2019 com look retr\u00f4"},"content":{"rendered":"<p>Ana Maria Braga est\u00e1 de volta com o \u2018Mais Voc\u00ea\u2019. Desde abril, a apresentadora grava o programa direto de sua casa no Rio de Janeiro e fazia participa\u00e7\u00f5es no programa \u2018Encontro\u2019.<\/p>\n<p>Al\u00e9m de comemorar sua volta ao ar, Ana Maria celebrou que o programa voltou a ser gravado em S\u00e3o Paulo, ap\u00f3s 12 anos de grava\u00e7\u00f5es em solo carioca. \u201cTem uma hora que o lar chama a gente de volta\u201d, afirmou Ana, que ainda este m\u00eas, celebra 21 anos de \u2019Mais Voc\u00ea\u2019.<\/p>\n<p>Ana Maria Braga apareceu com visual retr\u00f4, usando o mesmo penteado e as luvas de quando estreou com o programa duas d\u00e9cadas atr\u00e1s.<\/p>\n<p>\u201cEu estou assim por uma boa raz\u00e3o. Parece que sa\u00ed do t\u00fanel do tempo. J\u00e1 perdi a conta de quantas vezes j\u00e1 mudei cabelo. Essa renova\u00e7\u00e3o \u00e9 muito importante. Mudar faz bem pra alma. Mudar de atitude, ideia\u201d, afirmou Ana Maria.<\/p>\n<p>&nbsp;<\/p>\n<p><strong>Fonte: ISTO\u00c9<\/strong><\/p>\n<p>&nbsp;<\/p>\n","protected":false},"excerpt":{"rendered":"<p>Ana Maria Braga est\u00e1 de volta com o \u2018Mais Voc\u00ea\u2019. Desde abril, a apresentadora grava o programa direto de sua casa no Rio de Janeiro e fazia participa\u00e7\u00f5es no programa \u2018Encontro\u2019. Al\u00e9m de comemorar sua volta ao ar, Ana Maria celebrou que o programa voltou a ser gravado em S\u00e3o Paulo, ap\u00f3s 12 anos de &hellip;<\/p>\n","protected":false},"author":1,"featured_media":9866,"comment_status":"open","ping_status":"open","sticky":false,"template":"","format":"standard","meta":{"_jetpack_newsletter_access":"","_jetpack_dont_email_post_to_subs":false,"_jetpack_newsletter_tier_id":0,"_jetpack_memberships_contains_paywalled_content":false,"_jetpack_memberships_contains_paid_content":false,"footnotes":""},"categories":[1],"tags":[],"class_list":["post-9865","post","type-post","status-publish","format-standard","has-post-thumbnail","hentry","category-destaque"],"jetpack_sharing_enabled":true,"jetpack_featured_media_url":"","_links":{"self":[{"href":"https:\/\/www.oparanews.com.br\/index.php\/wp-json\/wp\/v2\/posts\/9865","targetHints":{"allow":["GET"]}}],"collection":[{"href":"https:\/\/www.oparanews.com.br\/index.php\/wp-json\/wp\/v2\/posts"}],"about":[{"href":"https:\/\/www.oparanews.com.br\/index.php\/wp-json\/wp\/v2\/types\/post"}],"author":[{"embeddable":true,"href":"https:\/\/www.oparanews.com.br\/index.php\/wp-json\/wp\/v2\/users\/1"}],"replies":[{"embeddable":true,"href":"https:\/\/www.oparanews.com.br\/index.php\/wp-json\/wp\/v2\/comments?post=9865"}],"version-history":[{"count":0,"href":"https:\/\/www.oparanews.com.br\/index.php\/wp-json\/wp\/v2\/posts\/9865\/revisions"}],"wp:attachment":[{"href":"https:\/\/www.oparanews.com.br\/index.php\/wp-json\/wp\/v2\/media?parent=9865"}],"wp:term":[{"taxonomy":"category","embeddable":true,"href":"https:\/\/www.oparanews.com.br\/index.php\/wp-json\/wp\/v2\/categories?post=9865"},{"taxonomy":"post_tag","embeddable":true,"href":"https:\/\/www.oparanews.com.br\/index.php\/wp-json\/wp\/v2\/tags?post=9865"}],"curies":[{"name":"wp","href":"https:\/\/api.w.org\/{rel}","templated":true}]}}