{"id":9881,"date":"2020-10-06T20:11:34","date_gmt":"2020-10-06T20:11:34","guid":{"rendered":"https:\/\/oparanews.com.br\/?p=9881"},"modified":"2020-10-06T20:11:34","modified_gmt":"2020-10-06T20:11:34","slug":"homem-tenta-matar-cachorro-a-pauladas-em-maceio-e-e-preso","status":"publish","type":"post","link":"https:\/\/www.oparanews.com.br\/index.php\/2020\/10\/06\/homem-tenta-matar-cachorro-a-pauladas-em-maceio-e-e-preso\/","title":{"rendered":"Homem tenta matar cachorro a pauladas em Macei\u00f3 e \u00e9 preso"},"content":{"rendered":"<p>Um homem foi preso em flagrante nesta ter\u00e7a-feira (6) pelo Batalh\u00e3o de Pol\u00edcia Ambiental (BPA) ap\u00f3s tentar matar o pr\u00f3prio cachorro a pauladas no bairro do Bebedouro, em Macei\u00f3. As informa\u00e7\u00f5es s\u00e3o da Comiss\u00e3o de Bem Estar Animal da OAB-AL, que acompanha o caso.<\/p>\n<p>Ao ser preso, o tutor do cachorro disse que tentava tirar o carro da garagem e acabou atropelando o animal. Como ele estava ferido, em vez de lev\u00e1-lo para receber atendimento m\u00e9dico veterin\u00e1rio, resolveu mat\u00e1-lo. O homem n\u00e3o teve o nome revelado.<\/p>\n<p>Essa foi a segunda pris\u00e3o em Alagoas ap\u00f3s a san\u00e7\u00e3o da lei que endureceu a pena para quem praticar viol\u00eancia contra c\u00e3es e gatos. A primeira pris\u00e3o foi do dono de um im\u00f3vel onde um cachorro da ra\u00e7a Rottweiler era mantido em situa\u00e7\u00e3o degradante e acabou morrendo.<\/p>\n<p>A presidente da Comiss\u00e3o da OAB-AL, Rosana Jambo, contou que o cachorro espancado nesta ter\u00e7a em Bebedouro perdeu um dos olhos por causa das agress\u00f5es sofridas. O animal est\u00e1 internado em uma cl\u00ednica veterin\u00e1ria da cidade.<\/p>\n<p>&#8220;Estamos aguardando laudo do veterin\u00e1rio. O animal j\u00e1 perdeu um dos olhos por conta do espancamento e est\u00e1 em centro cir\u00fargico&#8221;, disse.<\/p>\n<p>O espancamento foi gravado em v\u00eddeo. As imagens mostram o homem com um peda\u00e7o de madeira na m\u00e3o, batendo diversas vezes na cabe\u00e7a do cachorro. O material foi recebido pela OAB, que pretende junt\u00e1-lo ao processo como provas do crime.<\/p>\n<p>Uma audi\u00eancia de cust\u00f3dia vai ser realizada na quarta (7) para que Justi\u00e7a decida se o homem vai responder em liberdade ou se continua preso at\u00e9 o final do processo.<\/p>\n<p>&nbsp;<\/p>\n<p><strong>Fonte: G1\/AL<\/strong><\/p>\n<p>&nbsp;<\/p>\n","protected":false},"excerpt":{"rendered":"<p>Um homem foi preso em flagrante nesta ter\u00e7a-feira (6) pelo Batalh\u00e3o de Pol\u00edcia Ambiental (BPA) ap\u00f3s tentar matar o pr\u00f3prio cachorro a pauladas no bairro do Bebedouro, em Macei\u00f3. As informa\u00e7\u00f5es s\u00e3o da Comiss\u00e3o de Bem Estar Animal da OAB-AL, que acompanha o caso. Ao ser preso, o tutor do cachorro disse que tentava tirar &hellip;<\/p>\n","protected":false},"author":1,"featured_media":9882,"comment_status":"open","ping_status":"open","sticky":false,"template":"","format":"standard","meta":{"_jetpack_newsletter_access":"","_jetpack_dont_email_post_to_subs":false,"_jetpack_newsletter_tier_id":0,"_jetpack_memberships_contains_paywalled_content":false,"_jetpack_memberships_contains_paid_content":false,"footnotes":""},"categories":[1],"tags":[],"class_list":["post-9881","post","type-post","status-publish","format-standard","has-post-thumbnail","hentry","category-destaque"],"jetpack_sharing_enabled":true,"jetpack_featured_media_url":"","_links":{"self":[{"href":"https:\/\/www.oparanews.com.br\/index.php\/wp-json\/wp\/v2\/posts\/9881","targetHints":{"allow":["GET"]}}],"collection":[{"href":"https:\/\/www.oparanews.com.br\/index.php\/wp-json\/wp\/v2\/posts"}],"about":[{"href":"https:\/\/www.oparanews.com.br\/index.php\/wp-json\/wp\/v2\/types\/post"}],"author":[{"embeddable":true,"href":"https:\/\/www.oparanews.com.br\/index.php\/wp-json\/wp\/v2\/users\/1"}],"replies":[{"embeddable":true,"href":"https:\/\/www.oparanews.com.br\/index.php\/wp-json\/wp\/v2\/comments?post=9881"}],"version-history":[{"count":0,"href":"https:\/\/www.oparanews.com.br\/index.php\/wp-json\/wp\/v2\/posts\/9881\/revisions"}],"wp:attachment":[{"href":"https:\/\/www.oparanews.com.br\/index.php\/wp-json\/wp\/v2\/media?parent=9881"}],"wp:term":[{"taxonomy":"category","embeddable":true,"href":"https:\/\/www.oparanews.com.br\/index.php\/wp-json\/wp\/v2\/categories?post=9881"},{"taxonomy":"post_tag","embeddable":true,"href":"https:\/\/www.oparanews.com.br\/index.php\/wp-json\/wp\/v2\/tags?post=9881"}],"curies":[{"name":"wp","href":"https:\/\/api.w.org\/{rel}","templated":true}]}}