{"id":9899,"date":"2020-10-08T12:00:06","date_gmt":"2020-10-08T12:00:06","guid":{"rendered":"https:\/\/oparanews.com.br\/?p=9899"},"modified":"2020-10-08T12:00:06","modified_gmt":"2020-10-08T12:00:06","slug":"colisao-entre-duas-carretas-interdita-parte-de-rodovia-em-junqueiro","status":"publish","type":"post","link":"https:\/\/www.oparanews.com.br\/index.php\/2020\/10\/08\/colisao-entre-duas-carretas-interdita-parte-de-rodovia-em-junqueiro\/","title":{"rendered":"Colis\u00e3o entre duas carretas interdita parte de rodovia em Junqueiro"},"content":{"rendered":"<p>Uma colis\u00e3o entre duas carretas interditou parte da rodovia BR-101 na tarde desta quarta-feira (7), pr\u00f3ximo ao trevo do retiro, em Junqueiro, no Agreste de Alagoas. N\u00e3o h\u00e1 informa\u00e7\u00f5es se houve v\u00edtimas.<\/p>\n<p>De acordo com a Pol\u00edcia Rodovi\u00e1ria Federal (PRF), os dois ve\u00edculos bateram na lateral um do outro. O impacto da colis\u00e3o deixou os ve\u00edculos destru\u00eddos.<\/p>\n<p>Ap\u00f3s o acidente, uma quantidade de \u00f3leo saiu do tanque de combust\u00edvel de uma das carretas. A rodovia foi parcialmente interditada e a PRF foi acionada para controlar o tr\u00e2nsito na regi\u00e3o.<\/p>\n<p>Uma equipe do Corpo de Bombeiros tamb\u00e9m foi acionada ao local do acidente. Os bombeiros j\u00e1 realizaram a limpeza da pista com o uso de p\u00f3 de serra.<\/p>\n<p>Segundo os bombeiros, apesar do grave acidente, o motorista de uma das carretas n\u00e3o sofreu ferimentos graves e j\u00e1 n\u00e3o estava no local.<\/p>\n<p>&nbsp;<\/p>\n<p><strong>Fonte: G1\/AL<\/strong><\/p>\n<p>&nbsp;<\/p>\n","protected":false},"excerpt":{"rendered":"<p>Uma colis\u00e3o entre duas carretas interditou parte da rodovia BR-101 na tarde desta quarta-feira (7), pr\u00f3ximo ao trevo do retiro, em Junqueiro, no Agreste de Alagoas. N\u00e3o h\u00e1 informa\u00e7\u00f5es se houve v\u00edtimas. De acordo com a Pol\u00edcia Rodovi\u00e1ria Federal (PRF), os dois ve\u00edculos bateram na lateral um do outro. O impacto da colis\u00e3o deixou os &hellip;<\/p>\n","protected":false},"author":1,"featured_media":9900,"comment_status":"open","ping_status":"open","sticky":false,"template":"","format":"standard","meta":{"_jetpack_memberships_contains_paid_content":false,"footnotes":""},"categories":[1],"tags":[],"class_list":["post-9899","post","type-post","status-publish","format-standard","has-post-thumbnail","hentry","category-destaque"],"jetpack_featured_media_url":"","jetpack_sharing_enabled":true,"_links":{"self":[{"href":"https:\/\/www.oparanews.com.br\/index.php\/wp-json\/wp\/v2\/posts\/9899","targetHints":{"allow":["GET"]}}],"collection":[{"href":"https:\/\/www.oparanews.com.br\/index.php\/wp-json\/wp\/v2\/posts"}],"about":[{"href":"https:\/\/www.oparanews.com.br\/index.php\/wp-json\/wp\/v2\/types\/post"}],"author":[{"embeddable":true,"href":"https:\/\/www.oparanews.com.br\/index.php\/wp-json\/wp\/v2\/users\/1"}],"replies":[{"embeddable":true,"href":"https:\/\/www.oparanews.com.br\/index.php\/wp-json\/wp\/v2\/comments?post=9899"}],"version-history":[{"count":0,"href":"https:\/\/www.oparanews.com.br\/index.php\/wp-json\/wp\/v2\/posts\/9899\/revisions"}],"wp:featuredmedia":[{"embeddable":true,"href":"https:\/\/www.oparanews.com.br\/index.php\/wp-json\/"}],"wp:attachment":[{"href":"https:\/\/www.oparanews.com.br\/index.php\/wp-json\/wp\/v2\/media?parent=9899"}],"wp:term":[{"taxonomy":"category","embeddable":true,"href":"https:\/\/www.oparanews.com.br\/index.php\/wp-json\/wp\/v2\/categories?post=9899"},{"taxonomy":"post_tag","embeddable":true,"href":"https:\/\/www.oparanews.com.br\/index.php\/wp-json\/wp\/v2\/tags?post=9899"}],"curies":[{"name":"wp","href":"https:\/\/api.w.org\/{rel}","templated":true}]}}