{"id":9902,"date":"2020-10-08T12:06:04","date_gmt":"2020-10-08T12:06:04","guid":{"rendered":"https:\/\/oparanews.com.br\/?p=9902"},"modified":"2020-10-08T12:06:04","modified_gmt":"2020-10-08T12:06:04","slug":"alagoas-confirma-mais-143-novos-casos-e-6-mortes-por-covid-19","status":"publish","type":"post","link":"https:\/\/www.oparanews.com.br\/index.php\/2020\/10\/08\/alagoas-confirma-mais-143-novos-casos-e-6-mortes-por-covid-19\/","title":{"rendered":"Alagoas confirma mais 143 novos casos e 6 mortes por Covid-19"},"content":{"rendered":"<p>Alagoas confirmou mais 6 mortes e 143 casos de Covid-19, doen\u00e7a provocada pelo novo coronav\u00edrus. O estado, desde o come\u00e7o da pandemia at\u00e9 o momento, est\u00e1 com o total de 88.426 casos e 2.115 \u00f3bitos. Os dados s\u00e3o do boletim epidemiol\u00f3gico da Secretaria de Estado da Sa\u00fade (Sesau) divulgados nesta quarta-feira (7).<\/p>\n<p>O n\u00famero de casos suspeitos \u00e9 2.465. Outras 85.258 pessoas que confirmaram infec\u00e7\u00e3o pelo novo coronav\u00edrus j\u00e1 se recuperaram da doen\u00e7a.<\/p>\n<p>A taxa de ocupa\u00e7\u00e3o dos leitos destinados exclusivamente a casos confirmados ou suspeitos de Covid-19 est\u00e1 em 13%, o que equivale a 172 leitos ocupados, segundo a \u00faltima atualiza\u00e7\u00e3o feita na tarde de ter\u00e7a (6). Considerando somente os leitos de UTI, a taxa de ocupa\u00e7\u00e3o \u00e9 de 22%.<\/p>\n<p>Mais 6 mortes por Covid-19 em Alagoas<\/p>\n<p>Macei\u00f3: Homem, 65 anos, diab\u00e9tico<br \/>\nMacei\u00f3: Homem, 66 anos, diab\u00e9tico<br \/>\nMacei\u00f3: Homem, 51 anos, sem comorbidades<br \/>\nArapiraca: Homem, 71 anos, sem comorbidades<br \/>\nArapiraca: Homem 64 anos, hipertenso<br \/>\nPorto Calvo: Mulher, 85 anos, sem comorbidades<\/p>\n<p>&nbsp;<\/p>\n<p><strong>Fonte: G1\/AL<\/strong><\/p>\n<p>&nbsp;<\/p>\n","protected":false},"excerpt":{"rendered":"<p>Alagoas confirmou mais 6 mortes e 143 casos de Covid-19, doen\u00e7a provocada pelo novo coronav\u00edrus. O estado, desde o come\u00e7o da pandemia at\u00e9 o momento, est\u00e1 com o total de 88.426 casos e 2.115 \u00f3bitos. Os dados s\u00e3o do boletim epidemiol\u00f3gico da Secretaria de Estado da Sa\u00fade (Sesau) divulgados nesta quarta-feira (7). O n\u00famero de &hellip;<\/p>\n","protected":false},"author":1,"featured_media":9903,"comment_status":"open","ping_status":"open","sticky":false,"template":"","format":"standard","meta":{"_jetpack_newsletter_access":"","_jetpack_dont_email_post_to_subs":false,"_jetpack_newsletter_tier_id":0,"_jetpack_memberships_contains_paywalled_content":false,"_jetpack_memberships_contains_paid_content":false,"footnotes":""},"categories":[1],"tags":[],"class_list":["post-9902","post","type-post","status-publish","format-standard","has-post-thumbnail","hentry","category-destaque"],"jetpack_sharing_enabled":true,"jetpack_featured_media_url":"","_links":{"self":[{"href":"https:\/\/www.oparanews.com.br\/index.php\/wp-json\/wp\/v2\/posts\/9902","targetHints":{"allow":["GET"]}}],"collection":[{"href":"https:\/\/www.oparanews.com.br\/index.php\/wp-json\/wp\/v2\/posts"}],"about":[{"href":"https:\/\/www.oparanews.com.br\/index.php\/wp-json\/wp\/v2\/types\/post"}],"author":[{"embeddable":true,"href":"https:\/\/www.oparanews.com.br\/index.php\/wp-json\/wp\/v2\/users\/1"}],"replies":[{"embeddable":true,"href":"https:\/\/www.oparanews.com.br\/index.php\/wp-json\/wp\/v2\/comments?post=9902"}],"version-history":[{"count":0,"href":"https:\/\/www.oparanews.com.br\/index.php\/wp-json\/wp\/v2\/posts\/9902\/revisions"}],"wp:attachment":[{"href":"https:\/\/www.oparanews.com.br\/index.php\/wp-json\/wp\/v2\/media?parent=9902"}],"wp:term":[{"taxonomy":"category","embeddable":true,"href":"https:\/\/www.oparanews.com.br\/index.php\/wp-json\/wp\/v2\/categories?post=9902"},{"taxonomy":"post_tag","embeddable":true,"href":"https:\/\/www.oparanews.com.br\/index.php\/wp-json\/wp\/v2\/tags?post=9902"}],"curies":[{"name":"wp","href":"https:\/\/api.w.org\/{rel}","templated":true}]}}