{"id":9911,"date":"2020-10-08T12:13:02","date_gmt":"2020-10-08T12:13:02","guid":{"rendered":"https:\/\/oparanews.com.br\/?p=9911"},"modified":"2020-10-08T12:13:02","modified_gmt":"2020-10-08T12:13:02","slug":"bolsonaro-diz-que-acabou-com-operacao-lava-jato","status":"publish","type":"post","link":"https:\/\/www.oparanews.com.br\/index.php\/2020\/10\/08\/bolsonaro-diz-que-acabou-com-operacao-lava-jato\/","title":{"rendered":"Bolsonaro diz que &#8216;acabou&#8217; com opera\u00e7\u00e3o Lava Jato"},"content":{"rendered":"<p>O presidente Jair Bolsonaro afirmou nesta quarta-feira (7) que &#8220;acabou&#8221; com a opera\u00e7\u00e3o Lava Jato porque &#8220;n\u00e3o tem mais corrup\u00e7\u00e3o no governo&#8221;.<\/p>\n<p>A declara\u00e7\u00e3o foi dada em pronunciamento no Pal\u00e1cio do Planalto, em evento para anunciar medidas voltadas ao setor de avia\u00e7\u00e3o civil. &#8220;\u00c9 um orgulho, \u00e9 uma satisfa\u00e7\u00e3o que eu tenho, dizer a essa imprensa maravilhosa nossa que eu n\u00e3o quero acabar com a Lava Jato. Eu acabei com a Lava Jato, porque n\u00e3o tem mais corrup\u00e7\u00e3o no governo&#8221;, afirmou o presidente.<\/p>\n<p>Bolsonaro foi eleito na esteira dos efeitos provocados pela Lava Jato no cen\u00e1rio pol\u00edtico e chegou a nomear o principal s\u00edmbolo da opera\u00e7\u00e3o, o ent\u00e3o juiz Sergio Moro, como ministro da Justi\u00e7a, cargo do qual se demitiria em abril de 2020, em meio a supostas tentativas do presidente de interferir na Pol\u00edcia Federal para proteger a fam\u00edlia.<\/p>\n<p>O filho mais velho do mandat\u00e1rio, o senador Fl\u00e1vio Bolsonaro, \u00e9 acusado pelo Minist\u00e9rio P\u00fablico de desviar dinheiro de seu antigo gabinete na Assembleia Legislativa do Estado do Rio de Janeiro (Alerj) por meio de rachadinha operada pelo policial militar aposentado Fabr\u00edcio Queiroz.<\/p>\n<p>Esse esquema consiste na divis\u00e3o for\u00e7ada dos sal\u00e1rios de assessores parlamentares com os pol\u00edticos que os contratam.<\/p>\n<p>&nbsp;<\/p>\n<p><strong>Fonte: Terra<\/strong><\/p>\n<p>&nbsp;<\/p>\n","protected":false},"excerpt":{"rendered":"<p>O presidente Jair Bolsonaro afirmou nesta quarta-feira (7) que &#8220;acabou&#8221; com a opera\u00e7\u00e3o Lava Jato porque &#8220;n\u00e3o tem mais corrup\u00e7\u00e3o no governo&#8221;. A declara\u00e7\u00e3o foi dada em pronunciamento no Pal\u00e1cio do Planalto, em evento para anunciar medidas voltadas ao setor de avia\u00e7\u00e3o civil. &#8220;\u00c9 um orgulho, \u00e9 uma satisfa\u00e7\u00e3o que eu tenho, dizer a essa &hellip;<\/p>\n","protected":false},"author":1,"featured_media":9912,"comment_status":"open","ping_status":"open","sticky":false,"template":"","format":"standard","meta":{"_jetpack_newsletter_access":"","_jetpack_dont_email_post_to_subs":false,"_jetpack_newsletter_tier_id":0,"_jetpack_memberships_contains_paywalled_content":false,"_jetpack_memberships_contains_paid_content":false,"footnotes":""},"categories":[1],"tags":[],"class_list":["post-9911","post","type-post","status-publish","format-standard","has-post-thumbnail","hentry","category-destaque"],"jetpack_sharing_enabled":true,"jetpack_featured_media_url":"","_links":{"self":[{"href":"https:\/\/www.oparanews.com.br\/index.php\/wp-json\/wp\/v2\/posts\/9911","targetHints":{"allow":["GET"]}}],"collection":[{"href":"https:\/\/www.oparanews.com.br\/index.php\/wp-json\/wp\/v2\/posts"}],"about":[{"href":"https:\/\/www.oparanews.com.br\/index.php\/wp-json\/wp\/v2\/types\/post"}],"author":[{"embeddable":true,"href":"https:\/\/www.oparanews.com.br\/index.php\/wp-json\/wp\/v2\/users\/1"}],"replies":[{"embeddable":true,"href":"https:\/\/www.oparanews.com.br\/index.php\/wp-json\/wp\/v2\/comments?post=9911"}],"version-history":[{"count":0,"href":"https:\/\/www.oparanews.com.br\/index.php\/wp-json\/wp\/v2\/posts\/9911\/revisions"}],"wp:attachment":[{"href":"https:\/\/www.oparanews.com.br\/index.php\/wp-json\/wp\/v2\/media?parent=9911"}],"wp:term":[{"taxonomy":"category","embeddable":true,"href":"https:\/\/www.oparanews.com.br\/index.php\/wp-json\/wp\/v2\/categories?post=9911"},{"taxonomy":"post_tag","embeddable":true,"href":"https:\/\/www.oparanews.com.br\/index.php\/wp-json\/wp\/v2\/tags?post=9911"}],"curies":[{"name":"wp","href":"https:\/\/api.w.org\/{rel}","templated":true}]}}