{"id":9914,"date":"2020-10-08T12:15:12","date_gmt":"2020-10-08T12:15:12","guid":{"rendered":"https:\/\/oparanews.com.br\/?p=9914"},"modified":"2020-10-08T12:15:12","modified_gmt":"2020-10-08T12:15:12","slug":"fla-ja-se-movimenta-para-manter-pedro","status":"publish","type":"post","link":"https:\/\/www.oparanews.com.br\/index.php\/2020\/10\/08\/fla-ja-se-movimenta-para-manter-pedro\/","title":{"rendered":"Fla j\u00e1 se movimenta para manter Pedro"},"content":{"rendered":"<p>O Flamengo j\u00e1 se movimenta para manter Pedro no clube. Destaque da equipe em 2020, o artilheiro marcou seis gols nas \u00faltimas cinco partidas e assumiu de vez o ataque rubro-negro na aus\u00eancia de Gabigol. Valorizado, ele est\u00e1 na pauta da diretoria rubro-negra, que conversa com os empres\u00e1rios do jogador para definir o melhor formato de neg\u00f3cio.<\/p>\n<p>Pedro est\u00e1 emprestado pela Fiorentina ao Flamengo at\u00e9 dezembro. Este tamb\u00e9m \u00e9 o prazo que o Flamengo tem para exercer a compra do jogador. No total, precisa pagar 12 milh\u00f5es de euros (R$ 79 milh\u00f5es na cota\u00e7\u00e3o atual).<\/p>\n<p>Deste valor, o clube j\u00e1 vem quitando 2 milh\u00f5es de euros (cerca de R$ 13 milh\u00f5es), referentes ao empr\u00e9stimo &#8211; conseguiu, inclusive, renegociar prazos depois que a pandemia de coronav\u00edrus alterou todas as previs\u00f5es de receita.<\/p>\n<p>Por conta disso, a diretoria rubro-negra estuda a melhor forma de conseguir manter Pedro. Al\u00e9m da op\u00e7\u00e3o de compra, um novo empr\u00e9stimo \u00e9 uma das alternativas na mesa.<\/p>\n<p>Pedro \u00e9 o segundo artilheiro do Flamengo na temporada, com 14 gols em 28 jogos, atr\u00e1s apenas de Gabigol, que tem 16. Contra o Sport, na quarta-feira, o atacante marcou duas vezes na vit\u00f3ria por 3 a 0.<\/p>\n<p>&#8211; Muito feliz com esse momento no Flamengo. Feliz por mais dois gols e mais ainda pela grande vit\u00f3ria. A gente tinha que ter paci\u00eancia e tivemos no segundo tempo. A gente vem vivendo um bom momento, sequ\u00eancia boa. Espero conquistar grandes coisas &#8211; disse o atacante ap\u00f3s a vit\u00f3ria sobre o Sport.<\/p>\n<p>Pedro e o Flamengo voltam a campo no s\u00e1bado. Desta vez, o advers\u00e1rio ser\u00e1 o Vasco, em S\u00e3o Janu\u00e1rio, pela 15\u00aa rodada do Campeonato Brasileiro.<\/p>\n<p>&nbsp;<\/p>\n<p><strong>Fonte: GE<\/strong><\/p>\n<p>&nbsp;<\/p>\n","protected":false},"excerpt":{"rendered":"<p>O Flamengo j\u00e1 se movimenta para manter Pedro no clube. Destaque da equipe em 2020, o artilheiro marcou seis gols nas \u00faltimas cinco partidas e assumiu de vez o ataque rubro-negro na aus\u00eancia de Gabigol. Valorizado, ele est\u00e1 na pauta da diretoria rubro-negra, que conversa com os empres\u00e1rios do jogador para definir o melhor formato &hellip;<\/p>\n","protected":false},"author":1,"featured_media":9915,"comment_status":"open","ping_status":"open","sticky":false,"template":"","format":"standard","meta":{"_jetpack_newsletter_access":"","_jetpack_dont_email_post_to_subs":false,"_jetpack_newsletter_tier_id":0,"_jetpack_memberships_contains_paywalled_content":false,"_jetpack_memberships_contains_paid_content":false,"footnotes":""},"categories":[1],"tags":[],"class_list":["post-9914","post","type-post","status-publish","format-standard","has-post-thumbnail","hentry","category-destaque"],"jetpack_sharing_enabled":true,"jetpack_featured_media_url":"","_links":{"self":[{"href":"https:\/\/www.oparanews.com.br\/index.php\/wp-json\/wp\/v2\/posts\/9914","targetHints":{"allow":["GET"]}}],"collection":[{"href":"https:\/\/www.oparanews.com.br\/index.php\/wp-json\/wp\/v2\/posts"}],"about":[{"href":"https:\/\/www.oparanews.com.br\/index.php\/wp-json\/wp\/v2\/types\/post"}],"author":[{"embeddable":true,"href":"https:\/\/www.oparanews.com.br\/index.php\/wp-json\/wp\/v2\/users\/1"}],"replies":[{"embeddable":true,"href":"https:\/\/www.oparanews.com.br\/index.php\/wp-json\/wp\/v2\/comments?post=9914"}],"version-history":[{"count":0,"href":"https:\/\/www.oparanews.com.br\/index.php\/wp-json\/wp\/v2\/posts\/9914\/revisions"}],"wp:attachment":[{"href":"https:\/\/www.oparanews.com.br\/index.php\/wp-json\/wp\/v2\/media?parent=9914"}],"wp:term":[{"taxonomy":"category","embeddable":true,"href":"https:\/\/www.oparanews.com.br\/index.php\/wp-json\/wp\/v2\/categories?post=9914"},{"taxonomy":"post_tag","embeddable":true,"href":"https:\/\/www.oparanews.com.br\/index.php\/wp-json\/wp\/v2\/tags?post=9914"}],"curies":[{"name":"wp","href":"https:\/\/api.w.org\/{rel}","templated":true}]}}