{"id":9923,"date":"2020-10-08T12:21:05","date_gmt":"2020-10-08T12:21:05","guid":{"rendered":"https:\/\/oparanews.com.br\/?p=9923"},"modified":"2020-10-08T12:21:05","modified_gmt":"2020-10-08T12:21:05","slug":"brasil-ultrapassa-marca-de-5-milhoes-de-casos-de-covid-19","status":"publish","type":"post","link":"https:\/\/www.oparanews.com.br\/index.php\/2020\/10\/08\/brasil-ultrapassa-marca-de-5-milhoes-de-casos-de-covid-19\/","title":{"rendered":"Brasil ultrapassa marca de 5 milh\u00f5es de casos de covid-19"},"content":{"rendered":"<p>O Brasil chegou \u00e0 marca das 5 milh\u00f5es de pessoas infectadas pelo novo coronav\u00edrus nesta quarta-feira, 7, com um m\u00e9dia di\u00e1ria de \u00f3bitos de 631. O valor da m\u00e9dia m\u00f3vel considera os \u00faltimos sete dias a fim de evitar distor\u00e7\u00f5es ao longo da semana. No total, 148.304 brasileiros j\u00e1 morreram por causa da infec\u00e7\u00e3o, sendo que 733 novos \u00f3bitos foram contabilizados desde 20h do dia anterior, segundo balan\u00e7o feito por Estad\u00e3o, G1, O Globo, Extra, Folha e UOL junto \u00e0s Secretarias Estaduais de Sa\u00fade.<\/p>\n<p>No Pa\u00eds, o n\u00famero total de infectados \u00e9 5.002.357 ap\u00f3s o registro de mais 31.404 casos confirmados.<\/p>\n<p>O Minist\u00e9rio da Sa\u00fade, por sua vez, informa que 4.391.424 brasileiros j\u00e1 se recuperaram da contamina\u00e7\u00e3o e 461.042 seguem em acompanhamento. O Minist\u00e9rio tamb\u00e9m registrou 31.553 novas infec\u00e7\u00f5es elevando o total a 5.000.694. Tamb\u00e9m foram notificadas pela pasta 734 novas mortes em decorr\u00eancia da Covid-19, doen\u00e7a provocada pelo v\u00edrus, o que faz com que a contagem total de \u00f3bitos no pa\u00eds atinja 148.228.<\/p>\n<p>O Brasil \u00e9 o terceiro pa\u00eds do mundo a ultrapassar o patamar de 5 milh\u00f5es de casos, ap\u00f3s os Estados Unidos e a \u00cdndia. J\u00e1 em rela\u00e7\u00e3o ao n\u00famero de mortes, fica abaixo somente dos EUA.<\/p>\n<p>&nbsp;<\/p>\n<p><strong>Fonte: Terra<\/strong><\/p>\n<p>&nbsp;<\/p>\n","protected":false},"excerpt":{"rendered":"<p>O Brasil chegou \u00e0 marca das 5 milh\u00f5es de pessoas infectadas pelo novo coronav\u00edrus nesta quarta-feira, 7, com um m\u00e9dia di\u00e1ria de \u00f3bitos de 631. O valor da m\u00e9dia m\u00f3vel considera os \u00faltimos sete dias a fim de evitar distor\u00e7\u00f5es ao longo da semana. No total, 148.304 brasileiros j\u00e1 morreram por causa da infec\u00e7\u00e3o, sendo &hellip;<\/p>\n","protected":false},"author":1,"featured_media":9924,"comment_status":"open","ping_status":"open","sticky":false,"template":"","format":"standard","meta":{"_jetpack_newsletter_access":"","_jetpack_dont_email_post_to_subs":false,"_jetpack_newsletter_tier_id":0,"_jetpack_memberships_contains_paywalled_content":false,"_jetpack_memberships_contains_paid_content":false,"footnotes":""},"categories":[1],"tags":[],"class_list":["post-9923","post","type-post","status-publish","format-standard","has-post-thumbnail","hentry","category-destaque"],"jetpack_sharing_enabled":true,"jetpack_featured_media_url":"","_links":{"self":[{"href":"https:\/\/www.oparanews.com.br\/index.php\/wp-json\/wp\/v2\/posts\/9923","targetHints":{"allow":["GET"]}}],"collection":[{"href":"https:\/\/www.oparanews.com.br\/index.php\/wp-json\/wp\/v2\/posts"}],"about":[{"href":"https:\/\/www.oparanews.com.br\/index.php\/wp-json\/wp\/v2\/types\/post"}],"author":[{"embeddable":true,"href":"https:\/\/www.oparanews.com.br\/index.php\/wp-json\/wp\/v2\/users\/1"}],"replies":[{"embeddable":true,"href":"https:\/\/www.oparanews.com.br\/index.php\/wp-json\/wp\/v2\/comments?post=9923"}],"version-history":[{"count":0,"href":"https:\/\/www.oparanews.com.br\/index.php\/wp-json\/wp\/v2\/posts\/9923\/revisions"}],"wp:attachment":[{"href":"https:\/\/www.oparanews.com.br\/index.php\/wp-json\/wp\/v2\/media?parent=9923"}],"wp:term":[{"taxonomy":"category","embeddable":true,"href":"https:\/\/www.oparanews.com.br\/index.php\/wp-json\/wp\/v2\/categories?post=9923"},{"taxonomy":"post_tag","embeddable":true,"href":"https:\/\/www.oparanews.com.br\/index.php\/wp-json\/wp\/v2\/tags?post=9923"}],"curies":[{"name":"wp","href":"https:\/\/api.w.org\/{rel}","templated":true}]}}