{"id":9926,"date":"2020-10-08T12:26:41","date_gmt":"2020-10-08T12:26:41","guid":{"rendered":"https:\/\/oparanews.com.br\/?p=9926"},"modified":"2020-10-08T12:26:41","modified_gmt":"2020-10-08T12:26:41","slug":"onda-de-calor-deve-invadir-al-e-provocar-altas-temperaturas-no-fim-de-semana","status":"publish","type":"post","link":"https:\/\/www.oparanews.com.br\/index.php\/2020\/10\/08\/onda-de-calor-deve-invadir-al-e-provocar-altas-temperaturas-no-fim-de-semana\/","title":{"rendered":"Onda de calor deve invadir AL e provocar altas temperaturas no fim de semana"},"content":{"rendered":"<p>Uma onda de calor deve atingir Alagoas neste fim de semana. O alerta veio do Laborat\u00f3rio de An\u00e1lise e Processamento de Imagens de Sat\u00e9lites (Lapis) da UFAL, que afirmou que o \u00edndice de calor pode chegar a mais de 40\u00baC em alguns munic\u00edpios do Estado.<\/p>\n<p>De acordo com o professor Humberto Barbosa, coordenador do Lapis, h\u00e1 um avan\u00e7o de uma massa de ar seco e quente que j\u00e1 atua na regi\u00e3o central do pa\u00eds. Ela vai chegar ao Nordeste nesta quinta-feira e intensificar as altas temperaturas no fim de semana.<\/p>\n<p>&#8220;A gente fala em \u00edndice de calor porque \u00e9 a forma mais precisa para estabelecer. O term\u00f4metro n\u00e3o mede sensa\u00e7\u00e3o t\u00e9rmica, \u00e9 um instrumento de medi\u00e7\u00e3o f\u00edsica, ent\u00e3o h\u00e1 um outro ingrediente, que \u00e9 a temperatura que ele estima e a umidade relativa do ar, esses dois fatores determinam o \u00edndice de calor&#8221;, explicou em entrevista ao programa Cidade Alerta Alagoas, da TV Paju\u00e7ara.<\/p>\n<p>&#8220;O alerta que foi colocado desde o in\u00edcio da semana em v\u00e1rios munic\u00edpios do Brasil e a partir desta quinta h\u00e1 um avan\u00e7o dessa onda de calor pela regi\u00e3o Nordeste. A partir de sexta, mais especificamente no s\u00e1bado e no domingo, as altas temperaturas e a baixa umidade relativa do ar v\u00e3o ficar mais intensas principalmente na regi\u00e3o do interior de Alagoas&#8221;, destacou Barbosa.<\/p>\n<p>Em um mapa apresentado pelo laborat\u00f3rio \u00e9 poss\u00edvel observar a parte vermelha que cobre Alagoas. Segundo o professor, todos os munic\u00edpios v\u00e3o apresentar aumento no \u00edndice de calor, e em alguns deles, a temperatura pode chegar a 42\u00baC.<\/p>\n<p>&#8220;Os tons em vermelho representam exatamente a intensidade dessas ondas, das altas temperaturas, que v\u00e3o atuar na regi\u00e3o. H\u00e1 uma tend\u00eancia de chegar acima de 35\u00baC facilmente e alguns munic\u00edpios do interior acima de 40\u00baC&#8221;, alertou.<\/p>\n<p>&#8220;Vamos ter ventos fortes no Litoral a partir de s\u00e1bado, isso ameniza um pouco, mas a tarde, para quem est\u00e1 no interior, ou Sert\u00e3o ou Agreste, a temperatura pode chegar acima de 40\u00baC. A umidade relativa do ar \u00e9 muito baixa nessa \u00e9poca, em fun\u00e7\u00e3o tamb\u00e9m das condi\u00e7\u00f5es de polui\u00e7\u00e3o do ar&#8221;, acrescentou o professor.<\/p>\n<p>Barbosa salientou ainda que as altas temperaturas provocam desconforto, j\u00e1 que o ser humano n\u00e3o est\u00e1 adaptado a encarar temperaturas acima do que o corpo mant\u00e9m constante. &#8220;As pessoas mais vulner\u00e1veis s\u00e3o os idosos, as crian\u00e7as, ent\u00e3o \u00e9 tentar evitar ao m\u00e1ximo a exposi\u00e7\u00e3o ao sol, principalmente no per\u00edodo da tarde, quando se registram as m\u00e1ximas temperaturas. \u00c9 fundamental que as pessoas bebam \u00e1gua&#8221;, finalizou.<\/p>\n<p>&nbsp;<\/p>\n<p><strong>Fonte: com TV Paju\u00e7ara<\/strong><\/p>\n<p>&nbsp;<\/p>\n","protected":false},"excerpt":{"rendered":"<p>Uma onda de calor deve atingir Alagoas neste fim de semana. O alerta veio do Laborat\u00f3rio de An\u00e1lise e Processamento de Imagens de Sat\u00e9lites (Lapis) da UFAL, que afirmou que o \u00edndice de calor pode chegar a mais de 40\u00baC em alguns munic\u00edpios do Estado. De acordo com o professor Humberto Barbosa, coordenador do Lapis, &hellip;<\/p>\n","protected":false},"author":1,"featured_media":9927,"comment_status":"open","ping_status":"open","sticky":false,"template":"","format":"standard","meta":{"_jetpack_newsletter_access":"","_jetpack_dont_email_post_to_subs":false,"_jetpack_newsletter_tier_id":0,"_jetpack_memberships_contains_paywalled_content":false,"_jetpack_memberships_contains_paid_content":false,"footnotes":""},"categories":[1],"tags":[],"class_list":["post-9926","post","type-post","status-publish","format-standard","has-post-thumbnail","hentry","category-destaque"],"jetpack_sharing_enabled":true,"jetpack_featured_media_url":"","_links":{"self":[{"href":"https:\/\/www.oparanews.com.br\/index.php\/wp-json\/wp\/v2\/posts\/9926","targetHints":{"allow":["GET"]}}],"collection":[{"href":"https:\/\/www.oparanews.com.br\/index.php\/wp-json\/wp\/v2\/posts"}],"about":[{"href":"https:\/\/www.oparanews.com.br\/index.php\/wp-json\/wp\/v2\/types\/post"}],"author":[{"embeddable":true,"href":"https:\/\/www.oparanews.com.br\/index.php\/wp-json\/wp\/v2\/users\/1"}],"replies":[{"embeddable":true,"href":"https:\/\/www.oparanews.com.br\/index.php\/wp-json\/wp\/v2\/comments?post=9926"}],"version-history":[{"count":0,"href":"https:\/\/www.oparanews.com.br\/index.php\/wp-json\/wp\/v2\/posts\/9926\/revisions"}],"wp:attachment":[{"href":"https:\/\/www.oparanews.com.br\/index.php\/wp-json\/wp\/v2\/media?parent=9926"}],"wp:term":[{"taxonomy":"category","embeddable":true,"href":"https:\/\/www.oparanews.com.br\/index.php\/wp-json\/wp\/v2\/categories?post=9926"},{"taxonomy":"post_tag","embeddable":true,"href":"https:\/\/www.oparanews.com.br\/index.php\/wp-json\/wp\/v2\/tags?post=9926"}],"curies":[{"name":"wp","href":"https:\/\/api.w.org\/{rel}","templated":true}]}}