{"id":9932,"date":"2020-10-08T18:42:46","date_gmt":"2020-10-08T18:42:46","guid":{"rendered":"https:\/\/oparanews.com.br\/?p=9932"},"modified":"2020-10-08T18:42:46","modified_gmt":"2020-10-08T18:42:46","slug":"ramon-menezes-nao-e-mais-o-tecnico-do-vasco","status":"publish","type":"post","link":"https:\/\/www.oparanews.com.br\/index.php\/2020\/10\/08\/ramon-menezes-nao-e-mais-o-tecnico-do-vasco\/","title":{"rendered":"Ramon Menezes n\u00e3o \u00e9 mais o t\u00e9cnico do Vasco"},"content":{"rendered":"<p>Ramon Menezes n\u00e3o \u00e9 mais o t\u00e9cnico do Vasco. O clube optou nesta quinta-feira pela demiss\u00e3o do treinador ap\u00f3s a derrota por 3 a 0 para o Bahia, na quarta-feira, em Salvador, pela 14\u00aa rodada do Brasileir\u00e3o.<\/p>\n<p>O Vasco anunciou a informa\u00e7\u00e3o por meio de um curto comunicado em seu site oficial:<\/p>\n<p>&#8220;O Club de Regatas Vasco da Gama comunica que Ramon Menezes n\u00e3o \u00e9 mais o treinador da equipe profissional. O Clube agradece os servi\u00e7os prestados pelo profissional e, em breve, anunciar\u00e1 o seu substituto&#8221;.<\/p>\n<p>O ge apurou que a decis\u00e3o pegou os jogadores de surpresa e causou revolta em parte do elenco vasca\u00edno. Al\u00e9m de Ramon, comunicado do caso em uma reuni\u00e3o em S\u00e3o Janu\u00e1rio, deixam o clube o auxiliar t\u00e9cnico Thiago Kosloski e o preparador f\u00edsico Leo Cupertino.<\/p>\n<p>A busca pelo novo t\u00e9cnico est\u00e1 em andamento. No come\u00e7o desta tarde, o diretor executivo Andr\u00e9 Mazzuco e o o diretor Ant\u00f4nio Lopes estiveram juntos em S\u00e3o Janu\u00e1rio. N\u00e3o est\u00e1 definido, por exemplo, quem comandar\u00e1 o time diante do Flamengo, s\u00e1bado, pelo Brasileir\u00e3o. Caso ningu\u00e9m seja contratado at\u00e9 a data da partida, a tend\u00eancia \u00e9 de que J\u00fanior Lopes, auxiliar permanente do clube e filho de Antonio Lopes, o coordenador t\u00e9cnico, lidere o time.<\/p>\n<p><strong>Treino regenerativo em hotel<\/strong><\/p>\n<p>Pela programa\u00e7\u00e3o do clube, definida antes da sa\u00edda de Ramon, a tarde \u00e9 de treino regenerativo em um hotel na Barra da Tijuca &#8211; o clube o usa por vezes para algumas atividades, afinal, o da concentra\u00e7\u00e3o de v\u00e9spera dos jogos fica na Zona Sul. Nesta sexta, a atividade foi transferida de S\u00e3o Janu\u00e1rio para a sede da Aeron\u00e1utica, na parte da tarde.<\/p>\n<p>Sob o comando de Ramon, o Vasco vivia um momento delicado na temporada. No Brasileir\u00e3o, competi\u00e7\u00e3o em que a equipe chegou a ser l\u00edder nas primeiras rodadas, j\u00e1 s\u00e3o quatro partidas sem vit\u00f3ria &#8211; seis contando as duas da Copa do Brasil. No momento, o time est\u00e1 em d\u00e9cimo lugar, com 18 pontos.<\/p>\n<p>Outro resultado determinante para o mau momento foi a elimina\u00e7\u00e3o na Copa do Brasil ainda na quarta fase diante do Botafogo. O Vasco perdeu o cl\u00e1ssico pro 1 a 0 no jogo de ida e empatou sem gols na volta, em S\u00e3o Janu\u00e1rio.<\/p>\n<p>Anunciado como substituto de Abel Braga no dia 30 de mar\u00e7o deste ano, Ramon Menezes deixa o Vasco depois de pouco mais de seis meses no comando e 16 partidas disputadas (2 pelo Carioca, 2 pela Copa do Brasil e 12 pelo Brasileir\u00e3o). Ao todo, foram oito vit\u00f3rias, tr\u00eas empates e cinco derrotas.<\/p>\n<p><strong>Auxiliar agradece oportunidade<\/strong><\/p>\n<p>Em seu perfil em uma rede social, o auxiliar Thiago Kosloski agradeceu a oportunidade e lamentou ter tido o trabalho interrompido. Destacou que o aproveitamento era de 52%.<\/p>\n<p>&nbsp;<\/p>\n<p><strong>Fonte: GE<\/strong><\/p>\n<p>&nbsp;<\/p>\n","protected":false},"excerpt":{"rendered":"<p>Ramon Menezes n\u00e3o \u00e9 mais o t\u00e9cnico do Vasco. O clube optou nesta quinta-feira pela demiss\u00e3o do treinador ap\u00f3s a derrota por 3 a 0 para o Bahia, na quarta-feira, em Salvador, pela 14\u00aa rodada do Brasileir\u00e3o. O Vasco anunciou a informa\u00e7\u00e3o por meio de um curto comunicado em seu site oficial: &#8220;O Club de &hellip;<\/p>\n","protected":false},"author":1,"featured_media":9933,"comment_status":"open","ping_status":"open","sticky":false,"template":"","format":"standard","meta":{"_jetpack_newsletter_access":"","_jetpack_dont_email_post_to_subs":false,"_jetpack_newsletter_tier_id":0,"_jetpack_memberships_contains_paywalled_content":false,"_jetpack_memberships_contains_paid_content":false,"footnotes":""},"categories":[1],"tags":[],"class_list":["post-9932","post","type-post","status-publish","format-standard","has-post-thumbnail","hentry","category-destaque"],"jetpack_sharing_enabled":true,"jetpack_featured_media_url":"","_links":{"self":[{"href":"https:\/\/www.oparanews.com.br\/index.php\/wp-json\/wp\/v2\/posts\/9932","targetHints":{"allow":["GET"]}}],"collection":[{"href":"https:\/\/www.oparanews.com.br\/index.php\/wp-json\/wp\/v2\/posts"}],"about":[{"href":"https:\/\/www.oparanews.com.br\/index.php\/wp-json\/wp\/v2\/types\/post"}],"author":[{"embeddable":true,"href":"https:\/\/www.oparanews.com.br\/index.php\/wp-json\/wp\/v2\/users\/1"}],"replies":[{"embeddable":true,"href":"https:\/\/www.oparanews.com.br\/index.php\/wp-json\/wp\/v2\/comments?post=9932"}],"version-history":[{"count":0,"href":"https:\/\/www.oparanews.com.br\/index.php\/wp-json\/wp\/v2\/posts\/9932\/revisions"}],"wp:attachment":[{"href":"https:\/\/www.oparanews.com.br\/index.php\/wp-json\/wp\/v2\/media?parent=9932"}],"wp:term":[{"taxonomy":"category","embeddable":true,"href":"https:\/\/www.oparanews.com.br\/index.php\/wp-json\/wp\/v2\/categories?post=9932"},{"taxonomy":"post_tag","embeddable":true,"href":"https:\/\/www.oparanews.com.br\/index.php\/wp-json\/wp\/v2\/tags?post=9932"}],"curies":[{"name":"wp","href":"https:\/\/api.w.org\/{rel}","templated":true}]}}