{"id":9946,"date":"2020-10-09T16:42:42","date_gmt":"2020-10-09T16:42:42","guid":{"rendered":"https:\/\/oparanews.com.br\/?p=9946"},"modified":"2020-10-09T16:42:42","modified_gmt":"2020-10-09T16:42:42","slug":"ronaldo-lopes-destaca-conclusao-do-projeto-que-reabre-o-cine-sao-francisco","status":"publish","type":"post","link":"https:\/\/www.oparanews.com.br\/index.php\/2020\/10\/09\/ronaldo-lopes-destaca-conclusao-do-projeto-que-reabre-o-cine-sao-francisco\/","title":{"rendered":"Ronaldo Lopes destaca conclus\u00e3o do projeto que reabre o Cine S\u00e3o Francisco"},"content":{"rendered":"<p>Um dos mais modernos e amplos cinemas do Nordeste voltar\u00e1 a funcionar em breve. Inaugurado em 1959, o Cine S\u00e3o Francisco ser\u00e1 reaberto em grande estilo e com mais uma finalidade: o Centro de Conven\u00e7\u00f5es de Penedo.<\/p>\n<p>Nascido da parceria entre o Iphan Alagoas, a Prefeitura de Penedo e o Minist\u00e9rio do Turismo, o projeto coordenado pelo engenheiro Ronaldo Lopes amplia as condi\u00e7\u00f5es da Cidade dos Sobrados para o turismo de neg\u00f3cios.<\/p>\n<p>\u201cDepois de mais de vinte anos fechado, n\u00f3s vamos reabrir, n\u00e3o s\u00f3 para filmes, mas tamb\u00e9m para ser o Centro de Conven\u00e7\u00f5es de Penedo. Isso \u00e9 um sonho que s\u00f3 um penedense nascido e crescido aqui sabe como \u00e9 importante para a gente\u201d, explica Ronaldo Lopes sobre o investimento que tamb\u00e9m \u00e9 apoiado pelo Governador Renan Filho.<\/p>\n<p>O novo atrativo para o munic\u00edpio banhado pelo Rio S\u00e3o Francisco e conhecido pela riqueza de seu patrim\u00f4nio hist\u00f3rico, art\u00edstico e cultural poder\u00e1 receber at\u00e9 1.100 pessoas.<\/p>\n<p>O avan\u00e7o \u00e9 mais um resultado dos projetos coordenados por Ronaldo Lopes como vice-prefeito de Penedo. Com sua capacidade de trabalho e liderando equipe t\u00e9cnica qualificada, Ronaldo revitalizou o Centro Hist\u00f3rico de Penedo e amplia as a\u00e7\u00f5es de desenvolvimento para outras \u00e1reas da cidade.<\/p>\n<p>O povo penedense j\u00e1 sabe que quem resolve \u00e9 Ronaldo Lopes e est\u00e1 com ele para fazer de Penedo uma cidade cada vez melhor.<\/p>\n<p>&nbsp;<\/p>\n<p><strong>por Assessoria<\/strong><\/p>\n<p>&nbsp;<\/p>\n","protected":false},"excerpt":{"rendered":"<p>Um dos mais modernos e amplos cinemas do Nordeste voltar\u00e1 a funcionar em breve. Inaugurado em 1959, o Cine S\u00e3o Francisco ser\u00e1 reaberto em grande estilo e com mais uma finalidade: o Centro de Conven\u00e7\u00f5es de Penedo. Nascido da parceria entre o Iphan Alagoas, a Prefeitura de Penedo e o Minist\u00e9rio do Turismo, o projeto &hellip;<\/p>\n","protected":false},"author":1,"featured_media":9947,"comment_status":"open","ping_status":"open","sticky":false,"template":"","format":"standard","meta":{"_jetpack_newsletter_access":"","_jetpack_dont_email_post_to_subs":false,"_jetpack_newsletter_tier_id":0,"_jetpack_memberships_contains_paywalled_content":false,"_jetpack_memberships_contains_paid_content":false,"footnotes":""},"categories":[1],"tags":[],"class_list":["post-9946","post","type-post","status-publish","format-standard","has-post-thumbnail","hentry","category-destaque"],"jetpack_sharing_enabled":true,"jetpack_featured_media_url":"","_links":{"self":[{"href":"https:\/\/www.oparanews.com.br\/index.php\/wp-json\/wp\/v2\/posts\/9946","targetHints":{"allow":["GET"]}}],"collection":[{"href":"https:\/\/www.oparanews.com.br\/index.php\/wp-json\/wp\/v2\/posts"}],"about":[{"href":"https:\/\/www.oparanews.com.br\/index.php\/wp-json\/wp\/v2\/types\/post"}],"author":[{"embeddable":true,"href":"https:\/\/www.oparanews.com.br\/index.php\/wp-json\/wp\/v2\/users\/1"}],"replies":[{"embeddable":true,"href":"https:\/\/www.oparanews.com.br\/index.php\/wp-json\/wp\/v2\/comments?post=9946"}],"version-history":[{"count":0,"href":"https:\/\/www.oparanews.com.br\/index.php\/wp-json\/wp\/v2\/posts\/9946\/revisions"}],"wp:attachment":[{"href":"https:\/\/www.oparanews.com.br\/index.php\/wp-json\/wp\/v2\/media?parent=9946"}],"wp:term":[{"taxonomy":"category","embeddable":true,"href":"https:\/\/www.oparanews.com.br\/index.php\/wp-json\/wp\/v2\/categories?post=9946"},{"taxonomy":"post_tag","embeddable":true,"href":"https:\/\/www.oparanews.com.br\/index.php\/wp-json\/wp\/v2\/tags?post=9946"}],"curies":[{"name":"wp","href":"https:\/\/api.w.org\/{rel}","templated":true}]}}