{"id":9958,"date":"2020-10-09T23:28:00","date_gmt":"2020-10-09T23:28:00","guid":{"rendered":"https:\/\/oparanews.com.br\/?p=9958"},"modified":"2020-10-09T23:28:00","modified_gmt":"2020-10-09T23:28:00","slug":"pesquisa-ibope-em-maceio-alfredo-gaspar-26-jhc-25","status":"publish","type":"post","link":"https:\/\/www.oparanews.com.br\/index.php\/2020\/10\/09\/pesquisa-ibope-em-maceio-alfredo-gaspar-26-jhc-25\/","title":{"rendered":"Pesquisa Ibope em Macei\u00f3: Alfredo Gaspar, 26%; JHC, 25%"},"content":{"rendered":"<p>Pesquisa Ibope divulgada pela TV Gazeta de Alagoas nesta sexta-feira (9) aponta os seguintes percentuais de inten\u00e7\u00e3o de voto para a Prefeitura de Macei\u00f3 nas Elei\u00e7\u00f5es 2020:<\/p>\n<p>Alfredo Gaspar de Mendon\u00e7a (MDB): 26%<br \/>\nJHC (PSB): 25%<br \/>\nC\u00edcero Almeida (DC): 10%<br \/>\nDavi Filho (Progressistas): 5%<br \/>\nLenilda Luna (UP): 3%<br \/>\nJosan Leite (Patriota): 2%<br \/>\nRicardo Barbosa (PT): 2%<br \/>\nVal\u00e9ria Correia (PSOL): 2%<br \/>\nCorintho Campelo (PMN): 1%<br \/>\nC\u00edcero Filho (PCdoB): 1%<br \/>\nNenhum\/branco\/nulo: 14%<br \/>\nN\u00e3o sabe\/N\u00e3o respondeu: 8%<\/p>\n<p>Rejei\u00e7\u00e3o<\/p>\n<p>A pesquisa tamb\u00e9m perguntou em quem os eleitores n\u00e3o votariam de jeito nenhum. Os percentuais foram os seguintes:<\/p>\n<p>C\u00edcero Almeida (DC): 49%<br \/>\nJHC (PSB): 21%<br \/>\nAlfredo Gaspar de Mendon\u00e7a (MDB): 17%<br \/>\nCorintho Campelo (PMN): 14%<br \/>\nC\u00edcero Filho (PCdoB): 14%<br \/>\nLenilda Luna (UP): 13%<br \/>\nDavi Filho (Progressistas): 12%<br \/>\nJosan Leite (Patriota): 12%<br \/>\nRicardo Barbosa (PT): 12%<br \/>\nVal\u00e9ria Correia (PSOL): 11%<\/p>\n<p>Os entrevistados podiam apontar mais de uma resposta, por isso a soma dos fatores apontados \u00e9 de mais de 100%<\/p>\n<p>Pesquisa espont\u00e2nea<\/p>\n<p>O Ibope tamb\u00e9m tratou da inten\u00e7\u00e3o de votos espont\u00e2nea, quando o eleitor diz em quem vai votar sem ter os nomes dos candidatos apresentados. Veja os resultados:<\/p>\n<p>Alfredo Gaspar de Mendon\u00e7a (MDB): 20%<br \/>\nJHC (PSB): 14%<br \/>\nC\u00edcero Almeida (DC): 6%<br \/>\nDavi Filho (Progressistas): 4%<br \/>\nJosan Leite (Patriota): 2%<br \/>\nRicardo Barbosa (PT): 2%<br \/>\nLenilda Luna (UP): 1%<br \/>\nVal\u00e9ria Correia (PSOL): 1%<br \/>\nOutros: 4%<br \/>\nNenhum\/branco\/nulo: 19%<br \/>\nN\u00e3o sabe\/N\u00e3o respondeu: 27%<\/p>\n<p>A pesquisa foi encomendada pela TV Gazeta de Alagoas.<\/p>\n<p>Sobre a pesquisa<\/p>\n<p>Margem de erro: 4 pontos percentuais para mais ou para menos<br \/>\nQuem foi ouvido: 504 eleitores da cidade de Macei\u00f3.<br \/>\nQuando a pesquisa foi feita: de 7 a 9 de outubro.<br \/>\nN\u00famero de identifica\u00e7\u00e3o na Justi\u00e7a Eleitoral: AL 09340\/2020<br \/>\nO n\u00edvel de confian\u00e7a utilizado \u00e9 de 95%. Isso quer dizer que h\u00e1 uma probabilidade de 95% de os resultados retratarem o atual momento eleitoral, considerando a margem de erro.<\/p>\n<p>&nbsp;<\/p>\n<p><strong>Fonte: G1\/AL<\/strong><\/p>\n<p>&nbsp;<\/p>\n","protected":false},"excerpt":{"rendered":"<p>Pesquisa Ibope divulgada pela TV Gazeta de Alagoas nesta sexta-feira (9) aponta os seguintes percentuais de inten\u00e7\u00e3o de voto para a Prefeitura de Macei\u00f3 nas Elei\u00e7\u00f5es 2020: Alfredo Gaspar de Mendon\u00e7a (MDB): 26% JHC (PSB): 25% C\u00edcero Almeida (DC): 10% Davi Filho (Progressistas): 5% Lenilda Luna (UP): 3% Josan Leite (Patriota): 2% Ricardo Barbosa (PT): &hellip;<\/p>\n","protected":false},"author":1,"featured_media":9959,"comment_status":"open","ping_status":"open","sticky":false,"template":"","format":"standard","meta":{"_jetpack_newsletter_access":"","_jetpack_dont_email_post_to_subs":false,"_jetpack_newsletter_tier_id":0,"_jetpack_memberships_contains_paywalled_content":false,"_jetpack_memberships_contains_paid_content":false,"footnotes":""},"categories":[1],"tags":[],"class_list":["post-9958","post","type-post","status-publish","format-standard","has-post-thumbnail","hentry","category-destaque"],"jetpack_sharing_enabled":true,"jetpack_featured_media_url":"","_links":{"self":[{"href":"https:\/\/www.oparanews.com.br\/index.php\/wp-json\/wp\/v2\/posts\/9958","targetHints":{"allow":["GET"]}}],"collection":[{"href":"https:\/\/www.oparanews.com.br\/index.php\/wp-json\/wp\/v2\/posts"}],"about":[{"href":"https:\/\/www.oparanews.com.br\/index.php\/wp-json\/wp\/v2\/types\/post"}],"author":[{"embeddable":true,"href":"https:\/\/www.oparanews.com.br\/index.php\/wp-json\/wp\/v2\/users\/1"}],"replies":[{"embeddable":true,"href":"https:\/\/www.oparanews.com.br\/index.php\/wp-json\/wp\/v2\/comments?post=9958"}],"version-history":[{"count":0,"href":"https:\/\/www.oparanews.com.br\/index.php\/wp-json\/wp\/v2\/posts\/9958\/revisions"}],"wp:attachment":[{"href":"https:\/\/www.oparanews.com.br\/index.php\/wp-json\/wp\/v2\/media?parent=9958"}],"wp:term":[{"taxonomy":"category","embeddable":true,"href":"https:\/\/www.oparanews.com.br\/index.php\/wp-json\/wp\/v2\/categories?post=9958"},{"taxonomy":"post_tag","embeddable":true,"href":"https:\/\/www.oparanews.com.br\/index.php\/wp-json\/wp\/v2\/tags?post=9958"}],"curies":[{"name":"wp","href":"https:\/\/api.w.org\/{rel}","templated":true}]}}