{"id":9961,"date":"2020-10-10T18:32:41","date_gmt":"2020-10-10T18:32:41","guid":{"rendered":"https:\/\/oparanews.com.br\/?p=9961"},"modified":"2020-10-10T18:32:41","modified_gmt":"2020-10-10T18:32:41","slug":"prioridade-para-o-governo-de-ronaldo-lopes-e-gerar-emprego-e-renda-em-penedo","status":"publish","type":"post","link":"https:\/\/www.oparanews.com.br\/index.php\/2020\/10\/10\/prioridade-para-o-governo-de-ronaldo-lopes-e-gerar-emprego-e-renda-em-penedo\/","title":{"rendered":"Prioridade para o governo de Ronaldo Lopes \u00e9 gerar emprego e renda em Penedo"},"content":{"rendered":"<p>A meta priorit\u00e1ria do governo Ronaldo Lopes \u00e9 melhorar a gera\u00e7\u00e3o de emprego e renda em Penedo. O avan\u00e7o na inclus\u00e3o de jovens e adultos no mercado de trabalho ser\u00e1 feito por gest\u00e3o aliada do turismo, da agricultura familiar, da ind\u00fastria e focada em mais a\u00e7\u00f5es de amplo alcance.<\/p>\n<p>Ronaldo Lopes destacou o foco do seu governo durante entrevista ao professor Hugo Dias, mostrando que os benef\u00edcios da revitaliza\u00e7\u00e3o do nosso Centro Hist\u00f3rico e a urbaniza\u00e7\u00e3o da orla do Barro Vermelho. Os trabalhos que coordena aumentam o potencial tur\u00edstico da cidade que, em breve, ter\u00e1 o Cine S\u00e3o Francisco reaberto, como Centro de Conven\u00e7\u00f5es, e mais dois hot\u00e9is.<\/p>\n<p><strong>Turismo de Neg\u00f3cios<\/strong><\/p>\n<p>Os novos investimentos preparam Penedo para o turismo de neg\u00f3cios, aliado dos atrativos hist\u00f3ricos recuperados, inclusive dos projetos apresentados em setembro de 2019 para representantes do Banco de Desenvolvimento da Am\u00e9rica Latina.<\/p>\n<p>A comitiva conheceu o plano elaborado por equipe liderada por Ronaldo Lopes que torna a prainha de Penedo um local de lazer adequado \u00e0s normas sanit\u00e1rias e ambientais; a instala\u00e7\u00e3o de uma passarela entre o Pa\u00e7o Imperial e a Rocheira, com p\u00eder por tr\u00e1s do Capespe, local que funcionar\u00e1 como receptivo para visitantes.<\/p>\n<p>Com mais investimentos no turismo, incluindo o potencial ainda pouco aproveitado do Rio S\u00e3o Francisco, Ronaldo Lopes sabe como trazer mais desenvolvimento para a cidade. A consequ\u00eancia do planejamento bem feito \u00e9 mais emprego e renda em Penedo.<\/p>\n<p><strong>Agricultura Familiar<\/strong><\/p>\n<p>Outro foco \u00e9 ampliar o apoio \u00e0 agricultura familiar, com mais assist\u00eancia t\u00e9cnica e orienta\u00e7\u00e3o direcionada \u00e0 venda da produ\u00e7\u00e3o ao governo. Hoje, cerca de 30% da merenda escolar preparada nas escolas da rede p\u00fablica de Penedo vem de alimentos colhidos na zona rural do munic\u00edpio que vai comprar mais do com\u00e9rcio local, outro compromisso assumido por Ronaldo Lopes.<\/p>\n<p><strong>Gera\u00e7\u00e3o de renda<\/strong><\/p>\n<p>\u201cN\u00f3s temos que focar muito nas compras governamentais. Se estamos comprando em Penedo, o dinheiro circular aqui e isso \u00e9 gera\u00e7\u00e3o de renda\u201d, explica o candidato ficha limpa e melhor preparado para administrar Penedo, assegurando ainda a realiza\u00e7\u00e3o do concurso p\u00fablico suspenso pela pandemia do novo coronav\u00edrus.<\/p>\n<p>O gestor que tem as portas abertas em Macei\u00f3 e Bras\u00edlia tamb\u00e9m destacou a import\u00e2ncia da parceria com o Governador Renan Filho, destacando a recupera\u00e7\u00e3o da rodovia entre Penedo e S\u00e3o Sebasti\u00e3o e estrada que nos aproxima de Pindorama e de Macei\u00f3, tamb\u00e9m em fase de conclus\u00e3o.<\/p>\n<p>\u201cReduzir o desemprego em Penedo \u00e9 minha prioridade\u201d, argumentou Ronaldo Lopes durante a entrevista transmiss\u00e3o ao vivo no Instagram do professor Hugo Dias, bacharel em Direito e empreendedor que promove entrevistas com candidatos a prefeito de Penedo.<\/p>\n<p>&nbsp;<\/p>\n<p><strong>por Assessoria<\/strong><\/p>\n<p>&nbsp;<\/p>\n","protected":false},"excerpt":{"rendered":"<p>A meta priorit\u00e1ria do governo Ronaldo Lopes \u00e9 melhorar a gera\u00e7\u00e3o de emprego e renda em Penedo. O avan\u00e7o na inclus\u00e3o de jovens e adultos no mercado de trabalho ser\u00e1 feito por gest\u00e3o aliada do turismo, da agricultura familiar, da ind\u00fastria e focada em mais a\u00e7\u00f5es de amplo alcance. Ronaldo Lopes destacou o foco do &hellip;<\/p>\n","protected":false},"author":1,"featured_media":9962,"comment_status":"open","ping_status":"open","sticky":false,"template":"","format":"standard","meta":{"_jetpack_newsletter_access":"","_jetpack_dont_email_post_to_subs":false,"_jetpack_newsletter_tier_id":0,"_jetpack_memberships_contains_paywalled_content":false,"_jetpack_memberships_contains_paid_content":false,"footnotes":""},"categories":[1],"tags":[],"class_list":["post-9961","post","type-post","status-publish","format-standard","has-post-thumbnail","hentry","category-destaque"],"jetpack_sharing_enabled":true,"jetpack_featured_media_url":"","_links":{"self":[{"href":"https:\/\/www.oparanews.com.br\/index.php\/wp-json\/wp\/v2\/posts\/9961","targetHints":{"allow":["GET"]}}],"collection":[{"href":"https:\/\/www.oparanews.com.br\/index.php\/wp-json\/wp\/v2\/posts"}],"about":[{"href":"https:\/\/www.oparanews.com.br\/index.php\/wp-json\/wp\/v2\/types\/post"}],"author":[{"embeddable":true,"href":"https:\/\/www.oparanews.com.br\/index.php\/wp-json\/wp\/v2\/users\/1"}],"replies":[{"embeddable":true,"href":"https:\/\/www.oparanews.com.br\/index.php\/wp-json\/wp\/v2\/comments?post=9961"}],"version-history":[{"count":0,"href":"https:\/\/www.oparanews.com.br\/index.php\/wp-json\/wp\/v2\/posts\/9961\/revisions"}],"wp:attachment":[{"href":"https:\/\/www.oparanews.com.br\/index.php\/wp-json\/wp\/v2\/media?parent=9961"}],"wp:term":[{"taxonomy":"category","embeddable":true,"href":"https:\/\/www.oparanews.com.br\/index.php\/wp-json\/wp\/v2\/categories?post=9961"},{"taxonomy":"post_tag","embeddable":true,"href":"https:\/\/www.oparanews.com.br\/index.php\/wp-json\/wp\/v2\/tags?post=9961"}],"curies":[{"name":"wp","href":"https:\/\/api.w.org\/{rel}","templated":true}]}}