{"id":9968,"date":"2020-10-11T13:50:38","date_gmt":"2020-10-11T13:50:38","guid":{"rendered":"https:\/\/oparanews.com.br\/?p=9968"},"modified":"2020-10-11T13:50:38","modified_gmt":"2020-10-11T13:50:38","slug":"papa-francisco-lamenta-incendios-no-pantanal","status":"publish","type":"post","link":"https:\/\/www.oparanews.com.br\/index.php\/2020\/10\/11\/papa-francisco-lamenta-incendios-no-pantanal\/","title":{"rendered":"Papa Francisco lamenta inc\u00eandios no Pantanal"},"content":{"rendered":"<p>O papa Francisco recordou neste domingo (11) os inc\u00eandios que est\u00e3o atingido muitas partes do mundo, em particular as regi\u00f5es centrais da Am\u00e9rica do Sul, como o Pantanal, o Paraguai, as margens do rio Paran\u00e1 e a Argentina, al\u00e9m da costa ocidental dos Estados Unidos, principalmente a Calif\u00f3rnia.<\/p>\n<p>&#8220;Muitos inc\u00eandios s\u00e3o provocados por uma seca persistente, mas tamb\u00e9m h\u00e1 os que s\u00e3o causados pelo homem&#8221;, afirmou o Pont\u00edfice, ap\u00f3s a ora\u00e7\u00e3o do \u00e2ngelus, no Vaticano.<\/p>\n<p>Francisco manifestou tamb\u00e9m sua proximidade &#8220;\u00e0s popula\u00e7\u00f5es atingidas pelos inc\u00eandios que assolam muitas regi\u00f5es do planeta, bem como aos volunt\u00e1rios e aos bombeiros, que arriscam a sua vida no combate aos inc\u00eandios&#8221;.<\/p>\n<p>Perante milhares de fi\u00e9is reunidos na Pra\u00e7a S\u00e3o Pedro, Jorge Bergoglio rezou para &#8220;que o Senhor apoie os que est\u00e3o a sofrer as consequ\u00eancias desta cat\u00e1strofe e nos torne atentos para preservar a cria\u00e7\u00e3o&#8221;.<\/p>\n<p>Segundo o Instituto Nacional de Pesquisas Espaciais (Inpe), o Pantanal teve 14% do seu bioma destru\u00eddo pelo fogo durante o m\u00eas de setembro. O n\u00famero em nove meses j\u00e1 supera toda a \u00e1rea devastada em 2019, sendo recorde desde 2002.<\/p>\n<p>Os dados revelam que os inc\u00eandios j\u00e1 destru\u00edram 26% de todo o bioma em 2020, em uma \u00e1rea de quase 33 mol quil\u00f4metros quadrados.<\/p>\n<p>&nbsp;<\/p>\n<p><strong>Fonte: Terra<\/strong><\/p>\n<p>&nbsp;<\/p>\n","protected":false},"excerpt":{"rendered":"<p>O papa Francisco recordou neste domingo (11) os inc\u00eandios que est\u00e3o atingido muitas partes do mundo, em particular as regi\u00f5es centrais da Am\u00e9rica do Sul, como o Pantanal, o Paraguai, as margens do rio Paran\u00e1 e a Argentina, al\u00e9m da costa ocidental dos Estados Unidos, principalmente a Calif\u00f3rnia. &#8220;Muitos inc\u00eandios s\u00e3o provocados por uma seca &hellip;<\/p>\n","protected":false},"author":1,"featured_media":9969,"comment_status":"open","ping_status":"open","sticky":false,"template":"","format":"standard","meta":{"_jetpack_newsletter_access":"","_jetpack_dont_email_post_to_subs":false,"_jetpack_newsletter_tier_id":0,"_jetpack_memberships_contains_paywalled_content":false,"_jetpack_memberships_contains_paid_content":false,"footnotes":""},"categories":[1],"tags":[],"class_list":["post-9968","post","type-post","status-publish","format-standard","has-post-thumbnail","hentry","category-destaque"],"jetpack_sharing_enabled":true,"jetpack_featured_media_url":"","_links":{"self":[{"href":"https:\/\/www.oparanews.com.br\/index.php\/wp-json\/wp\/v2\/posts\/9968","targetHints":{"allow":["GET"]}}],"collection":[{"href":"https:\/\/www.oparanews.com.br\/index.php\/wp-json\/wp\/v2\/posts"}],"about":[{"href":"https:\/\/www.oparanews.com.br\/index.php\/wp-json\/wp\/v2\/types\/post"}],"author":[{"embeddable":true,"href":"https:\/\/www.oparanews.com.br\/index.php\/wp-json\/wp\/v2\/users\/1"}],"replies":[{"embeddable":true,"href":"https:\/\/www.oparanews.com.br\/index.php\/wp-json\/wp\/v2\/comments?post=9968"}],"version-history":[{"count":0,"href":"https:\/\/www.oparanews.com.br\/index.php\/wp-json\/wp\/v2\/posts\/9968\/revisions"}],"wp:attachment":[{"href":"https:\/\/www.oparanews.com.br\/index.php\/wp-json\/wp\/v2\/media?parent=9968"}],"wp:term":[{"taxonomy":"category","embeddable":true,"href":"https:\/\/www.oparanews.com.br\/index.php\/wp-json\/wp\/v2\/categories?post=9968"},{"taxonomy":"post_tag","embeddable":true,"href":"https:\/\/www.oparanews.com.br\/index.php\/wp-json\/wp\/v2\/tags?post=9968"}],"curies":[{"name":"wp","href":"https:\/\/api.w.org\/{rel}","templated":true}]}}