{"id":9974,"date":"2020-10-11T13:56:56","date_gmt":"2020-10-11T13:56:56","guid":{"rendered":"https:\/\/oparanews.com.br\/?p=9974"},"modified":"2020-10-11T13:56:56","modified_gmt":"2020-10-11T13:56:56","slug":"aparecida-recebe-6-do-total-de-visitantes-do-ano-passado","status":"publish","type":"post","link":"https:\/\/www.oparanews.com.br\/index.php\/2020\/10\/11\/aparecida-recebe-6-do-total-de-visitantes-do-ano-passado\/","title":{"rendered":"Aparecida recebe 6% do total de visitantes do ano passado"},"content":{"rendered":"<p>APARECIDA &#8211; Com pandemia e programa\u00e7\u00e3o totalmente online, as grandes romarias que costumam sair de diversas partes do pa\u00eds por \u00f4nibus e a p\u00e9, lotando Aparecida, deram vez aos ciclistas que ocuparam parte do imenso p\u00e1tio na \u00e1rea de estacionamento. Vindos, em sua maioria do Vale do Para\u00edba, eles aproveitaram o sol fraco e o clima mais fresco para visitar o Santu\u00e1rio Nacional neste s\u00e1bado, 10.<\/p>\n<p>Aparecida recebeu cerca de 10 mil pessoas neste primeiro dia do feriado. O n\u00famero representa menos de 6% do total de pessoas que visitaram o templo de adora\u00e7\u00e3o \u00e0 Nossa Senhora no ano passado na mesma \u00e9poca. Por conta da pandemia, as missas est\u00e3o fechadas aos devotos. Apenas funcion\u00e1rios do Santu\u00e1rio Nacional e seus familiares, al\u00e9m das pessoas ligadas \u00e0 Arquidiocese de Aparecida, convidados e confirmados antecipadamente podem participar das celebra\u00e7\u00f5es, que tem reunido cerca de 1,5 mil pessoas dentro da Bas\u00edlica que costuma reunir mais de 20 mil pessoas na Festa da Padroeira.<\/p>\n<p>Diferentemente de outros anos, quando grandes romarias de at\u00e9 50 \u00f4nibus tomavam o estacionamento, o s\u00e1bado que abriu o feriad\u00e3o reuniu fam\u00edlias, como o casal Jos\u00e9 Robson e Rubia de Toledo. Eles sa\u00edram de Trememb\u00e9, 42 km distante de Aparecida, \u00e0s cinco da manh\u00e3. Ele correu todo o percurso at\u00e9 o Santu\u00e1rio Nacional, enquanto ela acompanhou de bicicleta por 38 km. Os quatro quil\u00f4metros finais correu ao lado do esposo: &#8220;Ele precisava desse apoio&#8221;, comenta.<\/p>\n<p>Depois da chegada ao p\u00e1tio da Bas\u00edlica, a pausa de trinta minutos serviu para repor as energias e se preparar para a bicicleta. &#8220;Como qualquer maratona, a partir do 30\u00ba km, o psicol\u00f3gico sempre d\u00e1 uma balan\u00e7ada. A gente tem que botar a cabe\u00e7a no lugar, tomar aquela \u00e1gua, refrescar&#8221;, contou ao chegar. De retorno, foram outros 58 km de pedalada, desta vez acompanhado pelo filho Renan, at\u00e9 Taubat\u00e9.<\/p>\n<p>Robson havia treinado desde o ano passado para uma maratona de 92 km em Minas Gerais, mas, com a pandemia, a prova foi cancelada. Sem querer perder o condicionamento e os treinos, aceitou o desafio proposto pelo seu t\u00e9cnico e encarou os 100 km de ida e volta.<\/p>\n<p>Desde as primeiras horas da manh\u00e3, foram in\u00fameros grupos chegando a Aparecida. Para eles, a uni\u00e3o se fortalece pelo pedal. &#8220;A p\u00e9 \u00e9 um desafio maior, voc\u00ea pensa mais, digere mais as diversas situa\u00e7\u00f5es e voc\u00ea cresce. A bike \u00e9 interessante na uni\u00e3o entre as pessoas. Voc\u00ea conhece as pessoas e re\u00fane in\u00fameras hist\u00f3rias maravilhosas. Tanto a caminhada da f\u00e9 quanto o pedal da f\u00e9 s\u00e3o maravilhosos. Isso \u00e9 divino&#8221;, contou a advogada Claudin\u00e9ia Castro, de 52 anos, que participa de romarias h\u00e1 10 anos, sendo este o quarto ano sob a bicicleta. O grupo veio em 16 pessoas pedalando e outras quatro em carros de apoio.<\/p>\n<p>O casal Rafaela Oliveira e Gustavo Cardoso pedalou por quatro horas, de Taubat\u00e9 a Aparecida. &#8220;\u00c9 uma emo\u00e7\u00e3o muito grande, uma experi\u00eancia gostosa&#8221;, contou a romeira ciclista principiante do grupo.<\/p>\n<p>Para acompanhar a programa\u00e7\u00e3o, a igreja disponibilizou toda a programa\u00e7\u00e3o ao vivo no site oficial da festa, onde \u00e9 poss\u00edvel assistir e interagir: www.a12.com\/padroeira.<\/p>\n<p>SERVI\u00c7O<\/p>\n<p>Hor\u00e1rios de missa<\/p>\n<p>S\u00e1bado (dia 10): 9h, 12h e 19h (novena).<\/p>\n<p>Domingo (dia 11): 8h, 12h e 19h (novena).<\/p>\n<p>Segunda-feira (dia 12): 7h Missa das Crian\u00e7as, 9h Missa Solene e 18h Missa de Encerramento.<\/p>\n<p>As missas podem ser assistidas pelo endere\u00e7o:<\/p>\n<p>Para os romeiros que estar\u00e3o em Aparecida neste feriad\u00e3o, aten\u00e7\u00e3o aos hor\u00e1rios reduzidos para visita\u00e7\u00e3o:<\/p>\n<p>Santu\u00e1rio Nacional: s\u00e1bado e domingo, das 5h \u00e0s 17h; dia 12, das 12h \u00e0s 17h.<\/p>\n<p>Nicho de Nossa Senhora Aparecida: s\u00e1bado, das 5h \u00e0s 21h; domingo abre \u00e0s 5h e fecha segunda-feira \u00e0s 21h.<\/p>\n<p>Servi\u00e7os no Subsolo (Sala das Promessas, alimenta\u00e7\u00e3o e lojas): s\u00e1bado, das 6h \u00e0s 19h; domingo e segunda-feira, das 5h \u00e0s 18h.<\/p>\n<p>&nbsp;<\/p>\n<p><strong>Fonte: Terra<\/strong><\/p>\n<p>&nbsp;<\/p>\n","protected":false},"excerpt":{"rendered":"<p>APARECIDA &#8211; Com pandemia e programa\u00e7\u00e3o totalmente online, as grandes romarias que costumam sair de diversas partes do pa\u00eds por \u00f4nibus e a p\u00e9, lotando Aparecida, deram vez aos ciclistas que ocuparam parte do imenso p\u00e1tio na \u00e1rea de estacionamento. Vindos, em sua maioria do Vale do Para\u00edba, eles aproveitaram o sol fraco e o &hellip;<\/p>\n","protected":false},"author":1,"featured_media":9975,"comment_status":"open","ping_status":"open","sticky":false,"template":"","format":"standard","meta":{"_jetpack_newsletter_access":"","_jetpack_dont_email_post_to_subs":false,"_jetpack_newsletter_tier_id":0,"_jetpack_memberships_contains_paywalled_content":false,"_jetpack_memberships_contains_paid_content":false,"footnotes":""},"categories":[1],"tags":[],"class_list":["post-9974","post","type-post","status-publish","format-standard","has-post-thumbnail","hentry","category-destaque"],"jetpack_sharing_enabled":true,"jetpack_featured_media_url":"","_links":{"self":[{"href":"https:\/\/www.oparanews.com.br\/index.php\/wp-json\/wp\/v2\/posts\/9974","targetHints":{"allow":["GET"]}}],"collection":[{"href":"https:\/\/www.oparanews.com.br\/index.php\/wp-json\/wp\/v2\/posts"}],"about":[{"href":"https:\/\/www.oparanews.com.br\/index.php\/wp-json\/wp\/v2\/types\/post"}],"author":[{"embeddable":true,"href":"https:\/\/www.oparanews.com.br\/index.php\/wp-json\/wp\/v2\/users\/1"}],"replies":[{"embeddable":true,"href":"https:\/\/www.oparanews.com.br\/index.php\/wp-json\/wp\/v2\/comments?post=9974"}],"version-history":[{"count":0,"href":"https:\/\/www.oparanews.com.br\/index.php\/wp-json\/wp\/v2\/posts\/9974\/revisions"}],"wp:attachment":[{"href":"https:\/\/www.oparanews.com.br\/index.php\/wp-json\/wp\/v2\/media?parent=9974"}],"wp:term":[{"taxonomy":"category","embeddable":true,"href":"https:\/\/www.oparanews.com.br\/index.php\/wp-json\/wp\/v2\/categories?post=9974"},{"taxonomy":"post_tag","embeddable":true,"href":"https:\/\/www.oparanews.com.br\/index.php\/wp-json\/wp\/v2\/tags?post=9974"}],"curies":[{"name":"wp","href":"https:\/\/api.w.org\/{rel}","templated":true}]}}