{"id":9986,"date":"2020-10-12T01:15:36","date_gmt":"2020-10-12T01:15:36","guid":{"rendered":"https:\/\/oparanews.com.br\/?p=9986"},"modified":"2020-10-12T01:15:36","modified_gmt":"2020-10-12T01:15:36","slug":"alagoas-tem-88-826-casos-confirmados-e-2-138-mortes-por-covid-19","status":"publish","type":"post","link":"https:\/\/www.oparanews.com.br\/index.php\/2020\/10\/12\/alagoas-tem-88-826-casos-confirmados-e-2-138-mortes-por-covid-19\/","title":{"rendered":"Alagoas tem 88.826 casos confirmados e 2.138 mortes por Covid-19"},"content":{"rendered":"<p>De acordo com o boletim epidemiol\u00f3gico deste domingo (11) da Secretaria de Estado da Sa\u00fade (Sesau), Alagoas registrou 88.826 casos confirmados e 2.138 mortes por Covid-19 desde o in\u00edcio da pandemia.<\/p>\n<p>O estado confirmou 36 casos e seis \u00f3bitos por Covid-19 nas \u00faltimas 24 horas.<\/p>\n<p>O total de casos suspeitos da doen\u00e7a chegou a 2.832. Outros 85.847 pacientes est\u00e3o recuperados.<\/p>\n<p>A ocupa\u00e7\u00e3o de leitos para Covid-19 era de 13% na sexta-feira (9), \u00faltima data em que o boletim de leitos foi atualizado. Considerando apenas os leitos de UTI, a ocupa\u00e7\u00e3o era de 22%.<\/p>\n<p><strong>Mais seis mortes por Covid-19<\/strong><\/p>\n<p>Macei\u00f3: Mulher, 65 anos \u2013diab\u00e9tica e doen\u00e7a cardiovascular<br \/>\nMaragogi: Homem, 71 anos \u2013 doen\u00e7a card\u00edaca cr\u00f4nica<br \/>\nPilar: Homem, 78 anos \u2013 diab\u00e9tico<br \/>\nPorto Real do Col\u00e9gio: Mulher, 68 anos \u2013 diab\u00e9tica<br \/>\nMatriz de Camaragibe: Mulher, 83 anos \u2013 doen\u00e7a cr\u00f4nica<br \/>\nArapiraca: Mulher, 68 anos \u2013 sem comorbidades<\/p>\n<p>&nbsp;<\/p>\n<p><strong>Fonte: G1\/AL<\/strong><\/p>\n<p>&nbsp;<\/p>\n","protected":false},"excerpt":{"rendered":"<p>De acordo com o boletim epidemiol\u00f3gico deste domingo (11) da Secretaria de Estado da Sa\u00fade (Sesau), Alagoas registrou 88.826 casos confirmados e 2.138 mortes por Covid-19 desde o in\u00edcio da pandemia. O estado confirmou 36 casos e seis \u00f3bitos por Covid-19 nas \u00faltimas 24 horas. O total de casos suspeitos da doen\u00e7a chegou a 2.832. &hellip;<\/p>\n","protected":false},"author":1,"featured_media":7310,"comment_status":"open","ping_status":"open","sticky":false,"template":"","format":"standard","meta":{"_jetpack_newsletter_access":"","_jetpack_dont_email_post_to_subs":false,"_jetpack_newsletter_tier_id":0,"_jetpack_memberships_contains_paywalled_content":false,"_jetpack_memberships_contains_paid_content":false,"footnotes":""},"categories":[1],"tags":[],"class_list":["post-9986","post","type-post","status-publish","format-standard","has-post-thumbnail","hentry","category-destaque"],"jetpack_sharing_enabled":true,"jetpack_featured_media_url":"","_links":{"self":[{"href":"https:\/\/www.oparanews.com.br\/index.php\/wp-json\/wp\/v2\/posts\/9986","targetHints":{"allow":["GET"]}}],"collection":[{"href":"https:\/\/www.oparanews.com.br\/index.php\/wp-json\/wp\/v2\/posts"}],"about":[{"href":"https:\/\/www.oparanews.com.br\/index.php\/wp-json\/wp\/v2\/types\/post"}],"author":[{"embeddable":true,"href":"https:\/\/www.oparanews.com.br\/index.php\/wp-json\/wp\/v2\/users\/1"}],"replies":[{"embeddable":true,"href":"https:\/\/www.oparanews.com.br\/index.php\/wp-json\/wp\/v2\/comments?post=9986"}],"version-history":[{"count":0,"href":"https:\/\/www.oparanews.com.br\/index.php\/wp-json\/wp\/v2\/posts\/9986\/revisions"}],"wp:attachment":[{"href":"https:\/\/www.oparanews.com.br\/index.php\/wp-json\/wp\/v2\/media?parent=9986"}],"wp:term":[{"taxonomy":"category","embeddable":true,"href":"https:\/\/www.oparanews.com.br\/index.php\/wp-json\/wp\/v2\/categories?post=9986"},{"taxonomy":"post_tag","embeddable":true,"href":"https:\/\/www.oparanews.com.br\/index.php\/wp-json\/wp\/v2\/tags?post=9986"}],"curies":[{"name":"wp","href":"https:\/\/api.w.org\/{rel}","templated":true}]}}