{"id":9988,"date":"2020-10-12T01:40:27","date_gmt":"2020-10-12T01:40:27","guid":{"rendered":"https:\/\/oparanews.com.br\/?p=9988"},"modified":"2020-10-12T01:40:27","modified_gmt":"2020-10-12T01:40:27","slug":"brasil-registra-media-movel-de-590-mortes-por-covid-19","status":"publish","type":"post","link":"https:\/\/www.oparanews.com.br\/index.php\/2020\/10\/12\/brasil-registra-media-movel-de-590-mortes-por-covid-19\/","title":{"rendered":"Brasil registra m\u00e9dia m\u00f3vel de 590 mortes por covid-19"},"content":{"rendered":"<p>A m\u00e9dia m\u00f3vel de mortes pelo coronav\u00edrus no Brasil chegou a 590 neste domingo, 11, de acordo com dados reunidos pelo cons\u00f3rcio de ve\u00edculos de comunica\u00e7\u00e3o. O n\u00famero elimina distor\u00e7\u00f5es e registra com mais precis\u00e3o as oscila\u00e7\u00f5es dos \u00faltimos sete dias.<\/p>\n<p>De acordo com o cons\u00f3rcio dos ve\u00edculos de imprensa, formado por Estad\u00e3o, G1, O Globo, Extra, Folha e UOL, em conjunto com as secretarias estaduais de Sa\u00fade, foram registrados nas \u00faltimas 24 horas 12.139 novos casos e 270 mortes pela covid-19.<\/p>\n<p>Ao todo, o Brasil j\u00e1 contabilizou 150.506 mortes e 5.093.979 pessoas infectadas pelo novo coronav\u00edrus desde o in\u00edcio da pandemia. Segundo os dados mais recente disponibilizados pelo Minist\u00e9rio da Sa\u00fade e referentes a este domingo, 11, s\u00e3o 8.940.328 ?pessoas recuperadas da covid-19 em todo o Pa\u00eds e outros 948.657 casos em acompanhamento.<\/p>\n<p>O n\u00famero de mortes pelo coronav\u00edrus em S\u00e3o Paulo chegou a 37.256 e o de pessoas infectadas a 1.037.660 neste domingo. Nas \u00faltimas 24 horas, o Estado contabilizou 33 novos \u00f3bitos e 2.844 novos casos, de acordo com a Secretaria da Sa\u00fade.<\/p>\n<p><strong>Parceria<\/strong><\/p>\n<p>O balan\u00e7o de \u00f3bitos e casos \u00e9 resultado da parceria entre os seis meios de comunica\u00e7\u00e3o que passaram a trabalhar, desde o dia 8 de junho, de forma colaborativa para reunir as informa\u00e7\u00f5es necess\u00e1rias nos 26 estados e no Distrito Federal. A iniciativa in\u00e9dita \u00e9 uma resposta \u00e0 decis\u00e3o do governo Bolsonaro de restringir o acesso a dados sobre a pandemia. E se manteve mesmo ap\u00f3s a manuten\u00e7\u00e3o dos registros governamentais.<\/p>\n<p>Em seu balan\u00e7o do dia, o Minist\u00e9rio da Sa\u00fade informou que o Brasil contabilizou 12.345 novos casos e 290 \u00f3bitos nas \u00faltimas 24 horas. No total s\u00e3o 5.094.982 casos confirmados e 150.488 mortes por covid-19. Os n\u00fameros s\u00e3o diferentes dos compilados pelo cons\u00f3rcio de ve\u00edculos de imprensa principalmente por causa do hor\u00e1rio de coleta dos dados.<\/p>\n<p>&nbsp;<\/p>\n<p><strong>Fonte: Terra<\/strong><\/p>\n<p>&nbsp;<\/p>\n","protected":false},"excerpt":{"rendered":"<p>A m\u00e9dia m\u00f3vel de mortes pelo coronav\u00edrus no Brasil chegou a 590 neste domingo, 11, de acordo com dados reunidos pelo cons\u00f3rcio de ve\u00edculos de comunica\u00e7\u00e3o. O n\u00famero elimina distor\u00e7\u00f5es e registra com mais precis\u00e3o as oscila\u00e7\u00f5es dos \u00faltimos sete dias. De acordo com o cons\u00f3rcio dos ve\u00edculos de imprensa, formado por Estad\u00e3o, G1, O &hellip;<\/p>\n","protected":false},"author":1,"featured_media":9989,"comment_status":"open","ping_status":"open","sticky":false,"template":"","format":"standard","meta":{"_jetpack_newsletter_access":"","_jetpack_dont_email_post_to_subs":false,"_jetpack_newsletter_tier_id":0,"_jetpack_memberships_contains_paywalled_content":false,"_jetpack_memberships_contains_paid_content":false,"footnotes":""},"categories":[1],"tags":[],"class_list":["post-9988","post","type-post","status-publish","format-standard","has-post-thumbnail","hentry","category-destaque"],"jetpack_sharing_enabled":true,"jetpack_featured_media_url":"","_links":{"self":[{"href":"https:\/\/www.oparanews.com.br\/index.php\/wp-json\/wp\/v2\/posts\/9988","targetHints":{"allow":["GET"]}}],"collection":[{"href":"https:\/\/www.oparanews.com.br\/index.php\/wp-json\/wp\/v2\/posts"}],"about":[{"href":"https:\/\/www.oparanews.com.br\/index.php\/wp-json\/wp\/v2\/types\/post"}],"author":[{"embeddable":true,"href":"https:\/\/www.oparanews.com.br\/index.php\/wp-json\/wp\/v2\/users\/1"}],"replies":[{"embeddable":true,"href":"https:\/\/www.oparanews.com.br\/index.php\/wp-json\/wp\/v2\/comments?post=9988"}],"version-history":[{"count":0,"href":"https:\/\/www.oparanews.com.br\/index.php\/wp-json\/wp\/v2\/posts\/9988\/revisions"}],"wp:attachment":[{"href":"https:\/\/www.oparanews.com.br\/index.php\/wp-json\/wp\/v2\/media?parent=9988"}],"wp:term":[{"taxonomy":"category","embeddable":true,"href":"https:\/\/www.oparanews.com.br\/index.php\/wp-json\/wp\/v2\/categories?post=9988"},{"taxonomy":"post_tag","embeddable":true,"href":"https:\/\/www.oparanews.com.br\/index.php\/wp-json\/wp\/v2\/tags?post=9988"}],"curies":[{"name":"wp","href":"https:\/\/api.w.org\/{rel}","templated":true}]}}