{"id":9991,"date":"2020-10-12T18:46:41","date_gmt":"2020-10-12T18:46:41","guid":{"rendered":"https:\/\/oparanews.com.br\/?p=9991"},"modified":"2020-10-12T18:46:41","modified_gmt":"2020-10-12T18:46:41","slug":"praias-de-alagoas-ficam-lotadas-no-feriadao","status":"publish","type":"post","link":"https:\/\/www.oparanews.com.br\/index.php\/2020\/10\/12\/praias-de-alagoas-ficam-lotadas-no-feriadao\/","title":{"rendered":"Praias de Alagoas ficam lotadas no feriad\u00e3o"},"content":{"rendered":"<p>Para aproveitar o feriado de Nossa Senhora Aparecida e o Dia das Crian\u00e7as, celebrados nesta segunda-feira (12), banhistas lotaram as praias de Alagoas.<\/p>\n<p>Na praia da Paju\u00e7ara, em Macei\u00f3, o movimento intenso foi comemorado pelos ambulantes, mas o grande n\u00famero de barracas denunciava a superlota\u00e7\u00e3o em muitos locais.<\/p>\n<p>A perman\u00eancia nas praias est\u00e1 permitida em todo o estado, mas desde que seja respeitado o uso de m\u00e1scaras e distanciamento na faixa de areia para evitar o risco de cont\u00e1gio pelo novo coronav\u00edrus.<\/p>\n<p>O forte calor contribuiu para o sucesso nas vendas do Noel, que aproveitou o feriado para vender picol\u00e9 na praia. \u201cA expectativa \u00e9 voltar para casa com o carrinho vazio\u201d, disse o ambulante.<\/p>\n<p>O movimento grande se estendeu por toda orla da capital e tamb\u00e9m nas praias do Litoral Norte. Para sair da cidade, muita gente enfrentou a longa fila de carros que se formou na AL-101 Norte.<\/p>\n<p>Na Praia da Sereia, o movimento foi grande desde cedo. Para comemorar o Dia das Crian\u00e7as, tamb\u00e9m celebrado hoje, muitos pais foram acompanhados dos filhos.<\/p>\n<p>O banhista Claudemir Pedro levou toda a fam\u00edlia. \u201cTodos juntos, em dois carros. A gente veio se divertir no Dia das Crian\u00e7as. Eles merecem se divertir um pouco\u201d.<\/p>\n<p>&nbsp;<\/p>\n<p><strong>Fonte: G1\/AL<\/strong><\/p>\n<p>&nbsp;<\/p>\n","protected":false},"excerpt":{"rendered":"<p>Para aproveitar o feriado de Nossa Senhora Aparecida e o Dia das Crian\u00e7as, celebrados nesta segunda-feira (12), banhistas lotaram as praias de Alagoas. Na praia da Paju\u00e7ara, em Macei\u00f3, o movimento intenso foi comemorado pelos ambulantes, mas o grande n\u00famero de barracas denunciava a superlota\u00e7\u00e3o em muitos locais. A perman\u00eancia nas praias est\u00e1 permitida em &hellip;<\/p>\n","protected":false},"author":1,"featured_media":9992,"comment_status":"open","ping_status":"open","sticky":false,"template":"","format":"standard","meta":{"_jetpack_newsletter_access":"","_jetpack_dont_email_post_to_subs":false,"_jetpack_newsletter_tier_id":0,"_jetpack_memberships_contains_paywalled_content":false,"_jetpack_memberships_contains_paid_content":false,"footnotes":""},"categories":[1],"tags":[],"class_list":["post-9991","post","type-post","status-publish","format-standard","has-post-thumbnail","hentry","category-destaque"],"jetpack_sharing_enabled":true,"jetpack_featured_media_url":"","_links":{"self":[{"href":"https:\/\/www.oparanews.com.br\/index.php\/wp-json\/wp\/v2\/posts\/9991","targetHints":{"allow":["GET"]}}],"collection":[{"href":"https:\/\/www.oparanews.com.br\/index.php\/wp-json\/wp\/v2\/posts"}],"about":[{"href":"https:\/\/www.oparanews.com.br\/index.php\/wp-json\/wp\/v2\/types\/post"}],"author":[{"embeddable":true,"href":"https:\/\/www.oparanews.com.br\/index.php\/wp-json\/wp\/v2\/users\/1"}],"replies":[{"embeddable":true,"href":"https:\/\/www.oparanews.com.br\/index.php\/wp-json\/wp\/v2\/comments?post=9991"}],"version-history":[{"count":0,"href":"https:\/\/www.oparanews.com.br\/index.php\/wp-json\/wp\/v2\/posts\/9991\/revisions"}],"wp:attachment":[{"href":"https:\/\/www.oparanews.com.br\/index.php\/wp-json\/wp\/v2\/media?parent=9991"}],"wp:term":[{"taxonomy":"category","embeddable":true,"href":"https:\/\/www.oparanews.com.br\/index.php\/wp-json\/wp\/v2\/categories?post=9991"},{"taxonomy":"post_tag","embeddable":true,"href":"https:\/\/www.oparanews.com.br\/index.php\/wp-json\/wp\/v2\/tags?post=9991"}],"curies":[{"name":"wp","href":"https:\/\/api.w.org\/{rel}","templated":true}]}}