{"id":9997,"date":"2020-10-12T18:56:03","date_gmt":"2020-10-12T18:56:03","guid":{"rendered":"https:\/\/oparanews.com.br\/?p=9997"},"modified":"2020-10-12T18:56:03","modified_gmt":"2020-10-12T18:56:03","slug":"oms-ve-estabilidade-positiva-mas-alerta-numeros-sao-altos","status":"publish","type":"post","link":"https:\/\/www.oparanews.com.br\/index.php\/2020\/10\/12\/oms-ve-estabilidade-positiva-mas-alerta-numeros-sao-altos\/","title":{"rendered":"OMS v\u00ea estabilidade positiva, mas alerta: n\u00fameros s\u00e3o altos"},"content":{"rendered":"<p>O diretor de emerg\u00eancias da Organiza\u00e7\u00e3o Mundial da Sa\u00fade (OMS), Michael Ryan, afirmou nesta segunda-feira (12) que dados recentes mostram estabiliza\u00e7\u00e3o e queda dos casos de Covid-19 no Brasil, mas ele alertou que essa tend\u00eancia ocorre a partir de n\u00fameros &#8220;muito, muito altos&#8221;.<\/p>\n<p>&#8220;Nenhum pa\u00eds est\u00e1 fora de perigo ainda&#8221; &#8211; Michael Ryan, diretor na OMS<\/p>\n<p>Na \u00faltima semana, o Brasil passou das 150 mil mortes causadas pelo novo coronav\u00edrus e ainda bateu os 5 milh\u00f5es de casos de Covid. Apesar dos n\u00fameros altos, a m\u00e9dia m\u00f3vel de mortes ficou abaixo de 600 pela primeira vez desde maio, segundo o cons\u00f3rcio de ve\u00edculos de imprensa.<\/p>\n<p>O chefe de emerg\u00eancias lembrou que o Brasil \u00e9 um pa\u00eds de propor\u00e7\u00f5es continentais e as autoridades locais precisam estar atentas. &#8220;Dizer que a doen\u00e7a est\u00e1 caindo no Brasil \u00e9 uma coisa positiva&#8221;, disse Ryan. &#8220;(Mas) deve haver um alto \u00edndice de desconfian\u00e7a conforme os n\u00fameros (gerais) caem para garantir que sejam detectadas \u00e1reas em que eles possam estar aumentando&#8221;, disse o diretor de emerg\u00eancias da OMS.<\/p>\n<p>&#8220;Como todos n\u00f3s aprendemos sob duras penas nos \u00faltimos meses, o fato de a doen\u00e7a estar em decl\u00ednio n\u00e3o significa que ela n\u00e3o se agravar\u00e1 novamente. (&#8230;) Precisamos continuar vigilantes&#8221; &#8211; Michael Ryan, diretor na OMS<\/p>\n<p><strong>Ressurgimento na Europa<\/strong><\/p>\n<p>A l\u00edder t\u00e9cnica da OMS, Maria van Kerkhove, refor\u00e7ou que os pa\u00edses devem continuar com as medidas contra o novo coronav\u00edrus. \u201cEstamos vendo o ressurgimento da Covid-19 nos pa\u00edses europeus, por exemplo\u201d.<\/p>\n<p>O mundo bateu recorde de casos di\u00e1rios de coronav\u00edrus em outubro. Segundo a OMS, o aumento no n\u00famero \u00e9 puxado por um novo surto na Europa.<\/p>\n<p><strong>Imunidade coletiva n\u00e3o \u00e9 op\u00e7\u00e3o<\/strong><\/p>\n<p>O diretor-geral da OMS, Tedros Adhanom Ghebreyesus, alertou que \u201cn\u00e3o \u00e9 uma op\u00e7\u00e3o\u201d deixar o novo coronav\u00edrus circular livremente para que a popula\u00e7\u00e3o adquira imunidade de rebanho, como alguns sugeriram.<\/p>\n<p>\u201cA imunidade coletiva \u00e9 um conceito usado para vacina\u00e7\u00e3o, no qual uma popula\u00e7\u00e3o pode ser protegida de um determinado v\u00edrus se um limite de vacina\u00e7\u00e3o for atingido\u201d \u2013 Tedros Adhanom Ghebreyesus.<\/p>\n<p>Ele lembrou que nunca na hist\u00f3ria da sa\u00fade p\u00fablica essa imunidade coletiva foi usada como estrat\u00e9gia para responder a um surto de doen\u00e7as, muito menos a uma pandemia. \u201cIsso \u00e9 cient\u00edfica e eticamente problem\u00e1tico\u201d, ressaltou.<\/p>\n<p>A pandemia do novo coronav\u00edrus causou mais de um milh\u00e3o de mortes no mundo desde que o escrit\u00f3rio da OMS na China registrou o aparecimento da doen\u00e7a no final de dezembro.<\/p>\n<p>&nbsp;<\/p>\n<p><strong>Fonte: G1<\/strong><\/p>\n<p>&nbsp;<\/p>\n","protected":false},"excerpt":{"rendered":"<p>O diretor de emerg\u00eancias da Organiza\u00e7\u00e3o Mundial da Sa\u00fade (OMS), Michael Ryan, afirmou nesta segunda-feira (12) que dados recentes mostram estabiliza\u00e7\u00e3o e queda dos casos de Covid-19 no Brasil, mas ele alertou que essa tend\u00eancia ocorre a partir de n\u00fameros &#8220;muito, muito altos&#8221;. &#8220;Nenhum pa\u00eds est\u00e1 fora de perigo ainda&#8221; &#8211; Michael Ryan, diretor na &hellip;<\/p>\n","protected":false},"author":1,"featured_media":9998,"comment_status":"open","ping_status":"open","sticky":false,"template":"","format":"standard","meta":{"_jetpack_newsletter_access":"","_jetpack_dont_email_post_to_subs":false,"_jetpack_newsletter_tier_id":0,"_jetpack_memberships_contains_paywalled_content":false,"_jetpack_memberships_contains_paid_content":false,"footnotes":""},"categories":[1],"tags":[],"class_list":["post-9997","post","type-post","status-publish","format-standard","has-post-thumbnail","hentry","category-destaque"],"jetpack_sharing_enabled":true,"jetpack_featured_media_url":"","_links":{"self":[{"href":"https:\/\/www.oparanews.com.br\/index.php\/wp-json\/wp\/v2\/posts\/9997","targetHints":{"allow":["GET"]}}],"collection":[{"href":"https:\/\/www.oparanews.com.br\/index.php\/wp-json\/wp\/v2\/posts"}],"about":[{"href":"https:\/\/www.oparanews.com.br\/index.php\/wp-json\/wp\/v2\/types\/post"}],"author":[{"embeddable":true,"href":"https:\/\/www.oparanews.com.br\/index.php\/wp-json\/wp\/v2\/users\/1"}],"replies":[{"embeddable":true,"href":"https:\/\/www.oparanews.com.br\/index.php\/wp-json\/wp\/v2\/comments?post=9997"}],"version-history":[{"count":0,"href":"https:\/\/www.oparanews.com.br\/index.php\/wp-json\/wp\/v2\/posts\/9997\/revisions"}],"wp:attachment":[{"href":"https:\/\/www.oparanews.com.br\/index.php\/wp-json\/wp\/v2\/media?parent=9997"}],"wp:term":[{"taxonomy":"category","embeddable":true,"href":"https:\/\/www.oparanews.com.br\/index.php\/wp-json\/wp\/v2\/categories?post=9997"},{"taxonomy":"post_tag","embeddable":true,"href":"https:\/\/www.oparanews.com.br\/index.php\/wp-json\/wp\/v2\/tags?post=9997"}],"curies":[{"name":"wp","href":"https:\/\/api.w.org\/{rel}","templated":true}]}}